
			
				

					
				

			
		{"items":"\n\t\t\t\t\t\t\t\t\t\t\t\n<article id=\"post-17390\" class=\"wd-post blog-design-masonry blog-post-loop blog-style-bg wd-add-shadow wd-col post-17390 post type-post status-publish format-standard has-post-thumbnail hentry category-vida-social\">\n\t<div class=\"article-inner\">\n\t\t<header class=\"entry-header\">\n\t\t\t\t\t\t\t<figure class=\"entry-thumbnail\">\n\t\t\t\t\t\t\t\t\t\t\t<div class=\"post-img-wrapp\">\n\t\t\t\t\t\t\t<a href=\"https:\/\/myforbia.cl\/2025\/04\/12\/liderazgo-con-proposito-camara-chileno-suiza-lanza-inspirador-programa-de-mentorias-para-mujeres-profesionales\/\">\n\t\t\t\t\t\t\t\t<img width=\"1920\" height=\"1280\" src=\"https:\/\/myforbia.cl\/wp-content\/uploads\/2025\/04\/1743184484963.jpg\" class=\"attachment-large size-large\" alt=\"\" decoding=\"async\" srcset=\"https:\/\/myforbia.cl\/wp-content\/uploads\/2025\/04\/1743184484963.jpg 1920w, https:\/\/myforbia.cl\/wp-content\/uploads\/2025\/04\/1743184484963-768x512.jpg 768w, https:\/\/myforbia.cl\/wp-content\/uploads\/2025\/04\/1743184484963-1536x1024.jpg 1536w, https:\/\/myforbia.cl\/wp-content\/uploads\/2025\/04\/1743184484963-430x287.jpg 430w, https:\/\/myforbia.cl\/wp-content\/uploads\/2025\/04\/1743184484963-700x467.jpg 700w, https:\/\/myforbia.cl\/wp-content\/uploads\/2025\/04\/1743184484963-150x100.jpg 150w\" sizes=\"(max-width: 1920px) 100vw, 1920px\" \/>\t\t\t\t\t\t\t<\/a>\n\t\t\t\t\t\t<\/div>\n\t\t\t\t\t\t<div class=\"post-image-mask\">\n\t\t\t\t\t\t\t<span><\/span>\n\t\t\t\t\t\t<\/div>\n\t\t\t\t\t\t\t\t\t<\/figure>\n\t\t\t\n\t\t\t\t\t\t<div class=\"wd-post-date wd-style-with-bg\">\n\t\t\t\t<span class=\"post-date-day\">\n\t\t\t\t\t12\t\t\t\t<\/span>\n\t\t\t\t<span class=\"post-date-month\">\n\t\t\t\t\tAbr\t\t\t\t<\/span>\n\t\t\t<\/div>\n\t\t\t\t<\/header>\n\n\t\t<div class=\"article-body-container\">\n\t\t\t\t\t\t\t<div class=\"meta-categories-wrapp\">\n\t\t\t\t\t<div class=\"meta-post-categories wd-post-cat wd-style-with-bg\">\n\t\t\t\t\t\t<a href=\"https:\/\/myforbia.cl\/category\/tendencias\/vida-social\/\" rel=\"category tag\">Vida social<\/a>\t\t\t\t\t<\/div>\n\t\t\t\t<\/div>\n\t\t\t\n\t\t\t\t\t\t\t<h3 class=\"wd-entities-title title post-title\">\n\t\t\t\t\t<a href=\"https:\/\/myforbia.cl\/2025\/04\/12\/liderazgo-con-proposito-camara-chileno-suiza-lanza-inspirador-programa-de-mentorias-para-mujeres-profesionales\/\" rel=\"bookmark\">Liderazgo con prop\u00f3sito: C\u00e1mara Chileno-Suiza lanza inspirador programa de mentor\u00edas para mujeres profesionales.<\/a>\n\t\t\t\t<\/h3>\n\t\t\t\n\t\t\t\t\t\t\t<div class=\"entry-meta wd-entry-meta\">\n\t\t\t\t\t\t\t\t<ul class=\"entry-meta-list\">\n\t\t\t\t\t\t\t\t\t<li class=\"modified-date\">\n\t\t\t\t\t\t\t\t<time class=\"updated\" datetime=\"2025-06-15T20:57:54+00:00\">\n\t\t\tJunio 15, 2025\t\t<\/time>\n\t\t\t\t\t\t\t<\/li>\n\n\t\t\t\t\t\n\t\t\t\t\t\t\t\t\t\t\t<li class=\"meta-author\">\n\t\t\t\t\t\t\t\t\t\t\t\t<span>By<\/span>\n\t\t\n\t\t\t\t\t<img src=\"https:\/\/myforbia.cl\/wp-content\/uploads\/2025\/07\/FORBIA-Logo-Fondos-04-2-copia-1.png\" width=\"32\" height=\"32\" srcset=\"https:\/\/myforbia.cl\/wp-content\/uploads\/2025\/07\/FORBIA-Logo-Fondos-04-2-copia-1.png 2x\" alt=\"Myforbia\" class=\"avatar avatar-32 wp-user-avatar wp-user-avatar-32 alignnone photo\" \/>\t\t\n\t\t<a href=\"https:\/\/myforbia.cl\" class=\"author\" rel=\"author\">Myforbia<\/a>\n\t\t\t\t\t\t\t\t<\/li>\n\t\t\t\t\t\n\t\t\t\t\t\n\t\t\t\t\t\t\t\t\t\t\t<li class=\"meta-reply\">\n\t\t\t\t\t\t\t<a href=\"https:\/\/myforbia.cl\/2025\/04\/12\/liderazgo-con-proposito-camara-chileno-suiza-lanza-inspirador-programa-de-mentorias-para-mujeres-profesionales\/#respond\"><span class=\"replies-count\">0<\/span> <span class=\"replies-count-label\">comments<\/span><\/a>\t\t\t\t\t\t<\/li>\n\t\t\t\t\t\t\t\t\t\t\t\t<\/ul>\n\t\t\t\t\t\t<\/div>\n\t\t\t\t\t\t\t\t\t<div class=\"hovered-social-icons wd-tltp\">\n\t\t\t\t\t\t<div class=\"tooltip top\">\n\t\t\t\t\t\t\t<div class=\"tooltip-arrow\"><\/div>\n\t\t\t\t\t\t\t<div class=\"tooltip-inner\">\n\t\t\t\t\t\t\t\t\t\t\t<link rel=\"stylesheet\" id=\"wd-social-icons-css\" href=\"https:\/\/myforbia.cl\/wp-content\/themes\/woodmart\/css\/parts\/el-social-icons.min.css?ver=8.0.0\" type=\"text\/css\" media=\"all\" \/> \t\t\t\t\t\t<div id=\"\" class=\" wd-social-icons wd-style-default wd-size-small social-share wd-shape-circle color-scheme-light text-center\">\n\t\t\t\t\n\t\t\t\t\n\t\t\t\t\t\t\t\t\t<a rel=\"noopener noreferrer nofollow\" href=\"https:\/\/www.facebook.com\/sharer\/sharer.php?u=https:\/\/myforbia.cl\/category\/tendencias\/\" target=\"_blank\" class=\" wd-social-icon social-facebook\" aria-label=\"Facebook social link\">\n\t\t\t\t\t\t<span class=\"wd-icon\"><\/span>\n\t\t\t\t\t\t\t\t\t\t\t<\/a>\n\t\t\t\t\n\t\t\t\t\t\t\t\t\t<a rel=\"noopener noreferrer nofollow\" href=\"https:\/\/x.com\/share?url=https:\/\/myforbia.cl\/category\/tendencias\/\" target=\"_blank\" class=\" wd-social-icon social-twitter\" aria-label=\"X social link\">\n\t\t\t\t\t\t<span class=\"wd-icon\"><\/span>\n\t\t\t\t\t\t\t\t\t\t\t<\/a>\n\t\t\t\t\n\t\t\t\t\n\t\t\t\t\n\t\t\t\t\n\t\t\t\t\t\t\t\t\t<a rel=\"noopener noreferrer nofollow\" href=\"https:\/\/pinterest.com\/pin\/create\/button\/?url=https:\/\/myforbia.cl\/category\/tendencias\/&media=https:\/\/myforbia.cl\/wp-content\/uploads\/2025\/04\/1743184484963.jpg&description=Liderazgo+con+prop%C3%B3sito%3A+C%C3%A1mara+Chileno-Suiza+lanza+inspirador+programa+de+mentor%C3%ADas+para+mujeres+profesionales.\" target=\"_blank\" class=\" wd-social-icon social-pinterest\" aria-label=\"Pinterest social link\">\n\t\t\t\t\t\t<span class=\"wd-icon\"><\/span>\n\t\t\t\t\t\t\t\t\t\t\t<\/a>\n\t\t\t\t\n\t\t\t\t\n\t\t\t\t\t\t\t\t\t<a rel=\"noopener noreferrer nofollow\" href=\"https:\/\/www.linkedin.com\/shareArticle?mini=true&url=https:\/\/myforbia.cl\/category\/tendencias\/\" target=\"_blank\" class=\" wd-social-icon social-linkedin\" aria-label=\"Linkedin social link\">\n\t\t\t\t\t\t<span class=\"wd-icon\"><\/span>\n\t\t\t\t\t\t\t\t\t\t\t<\/a>\n\t\t\t\t\n\t\t\t\t\n\t\t\t\t\n\t\t\t\t\n\t\t\t\t\n\t\t\t\t\n\t\t\t\t\n\t\t\t\t\n\t\t\t\t\n\t\t\t\t\n\t\t\t\t\n\t\t\t\t\n\t\t\t\t\n\t\t\t\t\n\t\t\t\t\n\t\t\t\t\n\t\t\t\t\t\t\t\t\t<a rel=\"noopener noreferrer nofollow\" href=\"https:\/\/telegram.me\/share\/url?url=https:\/\/myforbia.cl\/category\/tendencias\/\" target=\"_blank\" class=\" wd-social-icon social-tg\" aria-label=\"Telegram social link\">\n\t\t\t\t\t\t<span class=\"wd-icon\"><\/span>\n\t\t\t\t\t\t\t\t\t\t\t<\/a>\n\t\t\t\t\n\t\t\t\t\n\t\t\t<\/div>\n\n\t\t\t\t\t\t\t\t\t<\/div>\n\t\t\t\t\t\t<\/div>\n\t\t\t\t\t<\/div>\n\t\t\t\t\t\t\t\n\t\t\t\t\t\t\t\t\t\t\t\t<div class=\"entry-content wd-post-desc\">\n\t\t\t\t\t\tEl pasado jueves 27 de marzo, fuimos parte de un evento verdaderamente inspirador organizado por la C\u00e1mara Chileno-Suiza de Comercio (CCHSC), donde se reunieron destacadas l\u00edderes de empresas suizas con...\t\t\t\t\t<\/div>\n\t\t\t\t\n\t\t\t\t\t\t\t\t\t\t\t\t\t\t<p class=\"read-more-section\">\n\t\t\t\t\t\t<a class=\"btn-read-more more-link\" href=\"https:\/\/myforbia.cl\/2025\/04\/12\/liderazgo-con-proposito-camara-chileno-suiza-lanza-inspirador-programa-de-mentorias-para-mujeres-profesionales\/\">Continue reading<\/a>\t\t\t\t\t<\/p>\n\t\t\t\t\t\t\t\t\t\t\t\t\t<\/div>\n\t<\/div>\n<\/article>\n\n\t\t\t\t\t\t\t\t\t\t\t\n<article id=\"post-17378\" class=\"wd-post blog-design-masonry blog-post-loop blog-style-bg wd-add-shadow wd-col post-17378 post type-post status-publish format-standard has-post-thumbnail hentry category-destacado category-panoramas\">\n\t<div class=\"article-inner\">\n\t\t<header class=\"entry-header\">\n\t\t\t\t\t\t\t<figure class=\"entry-thumbnail\">\n\t\t\t\t\t\t\t\t\t\t\t<div class=\"post-img-wrapp\">\n\t\t\t\t\t\t\t<a href=\"https:\/\/myforbia.cl\/2025\/04\/02\/black-coffee-en-chile-la-leyenda-del-house-llega-a-fiestas-sundeck-en-parque-ciudad-empresarial\/\">\n\t\t\t\t\t\t\t\t<img width=\"1024\" height=\"1280\" src=\"https:\/\/myforbia.cl\/wp-content\/uploads\/2025\/04\/black-coffee-sundeck-ciudad-empresarial.jpg\" class=\"attachment-large size-large\" alt=\"black-coffee-sundeck-ciudad-empresarial\" decoding=\"async\" srcset=\"https:\/\/myforbia.cl\/wp-content\/uploads\/2025\/04\/black-coffee-sundeck-ciudad-empresarial.jpg 1024w, https:\/\/myforbia.cl\/wp-content\/uploads\/2025\/04\/black-coffee-sundeck-ciudad-empresarial-768x960.jpg 768w, https:\/\/myforbia.cl\/wp-content\/uploads\/2025\/04\/black-coffee-sundeck-ciudad-empresarial-430x538.jpg 430w, https:\/\/myforbia.cl\/wp-content\/uploads\/2025\/04\/black-coffee-sundeck-ciudad-empresarial-700x875.jpg 700w, https:\/\/myforbia.cl\/wp-content\/uploads\/2025\/04\/black-coffee-sundeck-ciudad-empresarial-150x188.jpg 150w\" sizes=\"(max-width: 1024px) 100vw, 1024px\" \/>\t\t\t\t\t\t\t<\/a>\n\t\t\t\t\t\t<\/div>\n\t\t\t\t\t\t<div class=\"post-image-mask\">\n\t\t\t\t\t\t\t<span><\/span>\n\t\t\t\t\t\t<\/div>\n\t\t\t\t\t\t\t\t\t<\/figure>\n\t\t\t\n\t\t\t\t\t\t<div class=\"wd-post-date wd-style-with-bg\">\n\t\t\t\t<span class=\"post-date-day\">\n\t\t\t\t\t02\t\t\t\t<\/span>\n\t\t\t\t<span class=\"post-date-month\">\n\t\t\t\t\tAbr\t\t\t\t<\/span>\n\t\t\t<\/div>\n\t\t\t\t<\/header>\n\n\t\t<div class=\"article-body-container\">\n\t\t\t\t\t\t\t<div class=\"meta-categories-wrapp\">\n\t\t\t\t\t<div class=\"meta-post-categories wd-post-cat wd-style-with-bg\">\n\t\t\t\t\t\t<a href=\"https:\/\/myforbia.cl\/category\/destacado\/\" rel=\"category tag\">DESTACADO<\/a>, <a href=\"https:\/\/myforbia.cl\/category\/tendencias\/panoramas\/\" rel=\"category tag\">Panoramas<\/a>\t\t\t\t\t<\/div>\n\t\t\t\t<\/div>\n\t\t\t\n\t\t\t\t\t\t\t<h3 class=\"wd-entities-title title post-title\">\n\t\t\t\t\t<a href=\"https:\/\/myforbia.cl\/2025\/04\/02\/black-coffee-en-chile-la-leyenda-del-house-llega-a-fiestas-sundeck-en-parque-ciudad-empresarial\/\" rel=\"bookmark\">Black Coffee en Chile: La leyenda del house llega a Fiestas Sundeck en Parque Ciudad Empresarial<\/a>\n\t\t\t\t<\/h3>\n\t\t\t\n\t\t\t\t\t\t\t<div class=\"entry-meta wd-entry-meta\">\n\t\t\t\t\t\t\t\t<ul class=\"entry-meta-list\">\n\t\t\t\t\t\t\t\t\t<li class=\"modified-date\">\n\t\t\t\t\t\t\t\t<time class=\"updated\" datetime=\"2025-04-02T19:09:32+00:00\">\n\t\t\tAbril 2, 2025\t\t<\/time>\n\t\t\t\t\t\t\t<\/li>\n\n\t\t\t\t\t\n\t\t\t\t\t\t\t\t\t\t\t<li class=\"meta-author\">\n\t\t\t\t\t\t\t\t\t\t\t\t<span>By<\/span>\n\t\t\n\t\t\t\t\t<img src=\"https:\/\/myforbia.cl\/wp-content\/uploads\/2025\/07\/FORBIA-Logo-Fondos-04-2-copia-1.png\" width=\"32\" height=\"32\" srcset=\"https:\/\/myforbia.cl\/wp-content\/uploads\/2025\/07\/FORBIA-Logo-Fondos-04-2-copia-1.png 2x\" alt=\"Myforbia\" class=\"avatar avatar-32 wp-user-avatar wp-user-avatar-32 alignnone photo\" \/>\t\t\n\t\t<a href=\"https:\/\/myforbia.cl\" class=\"author\" rel=\"author\">Myforbia<\/a>\n\t\t\t\t\t\t\t\t<\/li>\n\t\t\t\t\t\n\t\t\t\t\t\n\t\t\t\t\t\t\t\t\t\t\t<li class=\"meta-reply\">\n\t\t\t\t\t\t\t<a href=\"https:\/\/myforbia.cl\/2025\/04\/02\/black-coffee-en-chile-la-leyenda-del-house-llega-a-fiestas-sundeck-en-parque-ciudad-empresarial\/#respond\"><span class=\"replies-count\">0<\/span> <span class=\"replies-count-label\">comments<\/span><\/a>\t\t\t\t\t\t<\/li>\n\t\t\t\t\t\t\t\t\t\t\t\t<\/ul>\n\t\t\t\t\t\t<\/div>\n\t\t\t\t\t\t\t\t\t<div class=\"hovered-social-icons wd-tltp\">\n\t\t\t\t\t\t<div class=\"tooltip top\">\n\t\t\t\t\t\t\t<div class=\"tooltip-arrow\"><\/div>\n\t\t\t\t\t\t\t<div class=\"tooltip-inner\">\n\t\t\t\t\t\t\t\t\t\t\t<div id=\"\" class=\" wd-social-icons wd-style-default wd-size-small social-share wd-shape-circle color-scheme-light text-center\">\n\t\t\t\t\n\t\t\t\t\n\t\t\t\t\t\t\t\t\t<a rel=\"noopener noreferrer nofollow\" href=\"https:\/\/www.facebook.com\/sharer\/sharer.php?u=https:\/\/myforbia.cl\/category\/tendencias\/\" target=\"_blank\" class=\" wd-social-icon social-facebook\" aria-label=\"Facebook social link\">\n\t\t\t\t\t\t<span class=\"wd-icon\"><\/span>\n\t\t\t\t\t\t\t\t\t\t\t<\/a>\n\t\t\t\t\n\t\t\t\t\t\t\t\t\t<a rel=\"noopener noreferrer nofollow\" href=\"https:\/\/x.com\/share?url=https:\/\/myforbia.cl\/category\/tendencias\/\" target=\"_blank\" class=\" wd-social-icon social-twitter\" aria-label=\"X social link\">\n\t\t\t\t\t\t<span class=\"wd-icon\"><\/span>\n\t\t\t\t\t\t\t\t\t\t\t<\/a>\n\t\t\t\t\n\t\t\t\t\n\t\t\t\t\n\t\t\t\t\n\t\t\t\t\t\t\t\t\t<a rel=\"noopener noreferrer nofollow\" href=\"https:\/\/pinterest.com\/pin\/create\/button\/?url=https:\/\/myforbia.cl\/category\/tendencias\/&media=https:\/\/myforbia.cl\/wp-content\/uploads\/2025\/04\/black-coffee-sundeck-ciudad-empresarial.jpg&description=Black+Coffee+en+Chile%3A+La+leyenda+del+house+llega+a+Fiestas+Sundeck+en+Parque+Ciudad+Empresarial\" target=\"_blank\" class=\" wd-social-icon social-pinterest\" aria-label=\"Pinterest social link\">\n\t\t\t\t\t\t<span class=\"wd-icon\"><\/span>\n\t\t\t\t\t\t\t\t\t\t\t<\/a>\n\t\t\t\t\n\t\t\t\t\n\t\t\t\t\t\t\t\t\t<a rel=\"noopener noreferrer nofollow\" href=\"https:\/\/www.linkedin.com\/shareArticle?mini=true&url=https:\/\/myforbia.cl\/category\/tendencias\/\" target=\"_blank\" class=\" wd-social-icon social-linkedin\" aria-label=\"Linkedin social link\">\n\t\t\t\t\t\t<span class=\"wd-icon\"><\/span>\n\t\t\t\t\t\t\t\t\t\t\t<\/a>\n\t\t\t\t\n\t\t\t\t\n\t\t\t\t\n\t\t\t\t\n\t\t\t\t\n\t\t\t\t\n\t\t\t\t\n\t\t\t\t\n\t\t\t\t\n\t\t\t\t\n\t\t\t\t\n\t\t\t\t\n\t\t\t\t\n\t\t\t\t\n\t\t\t\t\n\t\t\t\t\n\t\t\t\t\t\t\t\t\t<a rel=\"noopener noreferrer nofollow\" href=\"https:\/\/telegram.me\/share\/url?url=https:\/\/myforbia.cl\/category\/tendencias\/\" target=\"_blank\" class=\" wd-social-icon social-tg\" aria-label=\"Telegram social link\">\n\t\t\t\t\t\t<span class=\"wd-icon\"><\/span>\n\t\t\t\t\t\t\t\t\t\t\t<\/a>\n\t\t\t\t\n\t\t\t\t\n\t\t\t<\/div>\n\n\t\t\t\t\t\t\t\t\t<\/div>\n\t\t\t\t\t\t<\/div>\n\t\t\t\t\t<\/div>\n\t\t\t\t\t\t\t\n\t\t\t\t\t\t\t\t\t\t\t\t<div class=\"entry-content wd-post-desc\">\n\t\t\t\t\t\t&nbsp;\r\n\r\n\r\n\r\nEl aclamado DJ y productor Black Coffee, elegido como el mejor DJ del mundo en 2024, aterriza en Santiago el pr\u00f3ximo 17 de abril de la mano de Fiestas Sundeck....\t\t\t\t\t<\/div>\n\t\t\t\t\n\t\t\t\t\t\t\t\t\t\t\t\t\t\t<p class=\"read-more-section\">\n\t\t\t\t\t\t<a class=\"btn-read-more more-link\" href=\"https:\/\/myforbia.cl\/2025\/04\/02\/black-coffee-en-chile-la-leyenda-del-house-llega-a-fiestas-sundeck-en-parque-ciudad-empresarial\/\">Continue reading<\/a>\t\t\t\t\t<\/p>\n\t\t\t\t\t\t\t\t\t\t\t\t\t<\/div>\n\t<\/div>\n<\/article>\n\n\t\t\t\t\t\t\t\t\t\t\t\n<article id=\"post-17338\" class=\"wd-post blog-design-masonry blog-post-loop blog-style-bg wd-add-shadow wd-col post-17338 post type-post status-publish format-standard has-post-thumbnail hentry category-tendencias category-vida-social\">\n\t<div class=\"article-inner\">\n\t\t<header class=\"entry-header\">\n\t\t\t\t\t\t\t<figure class=\"entry-thumbnail\">\n\t\t\t\t\t\t\t\t\t\t\t<div class=\"post-img-wrapp\">\n\t\t\t\t\t\t\t<a href=\"https:\/\/myforbia.cl\/2025\/03\/25\/glam-balance-en-infinosfera-una-experiencia-artistica-sin-fronteras\/\">\n\t\t\t\t\t\t\t\t<img width=\"1707\" height=\"2560\" src=\"https:\/\/myforbia.cl\/wp-content\/uploads\/2025\/03\/IMG_0603.jpg\" class=\"attachment-large size-large\" alt=\"\" decoding=\"async\" srcset=\"https:\/\/myforbia.cl\/wp-content\/uploads\/2025\/03\/IMG_0603.jpg 1707w, https:\/\/myforbia.cl\/wp-content\/uploads\/2025\/03\/IMG_0603-768x1152.jpg 768w, https:\/\/myforbia.cl\/wp-content\/uploads\/2025\/03\/IMG_0603-1024x1536.jpg 1024w, https:\/\/myforbia.cl\/wp-content\/uploads\/2025\/03\/IMG_0603-1366x2048.jpg 1366w, https:\/\/myforbia.cl\/wp-content\/uploads\/2025\/03\/IMG_0603-430x645.jpg 430w, https:\/\/myforbia.cl\/wp-content\/uploads\/2025\/03\/IMG_0603-700x1050.jpg 700w, https:\/\/myforbia.cl\/wp-content\/uploads\/2025\/03\/IMG_0603-150x225.jpg 150w\" sizes=\"(max-width: 1707px) 100vw, 1707px\" \/>\t\t\t\t\t\t\t<\/a>\n\t\t\t\t\t\t<\/div>\n\t\t\t\t\t\t<div class=\"post-image-mask\">\n\t\t\t\t\t\t\t<span><\/span>\n\t\t\t\t\t\t<\/div>\n\t\t\t\t\t\t\t\t\t<\/figure>\n\t\t\t\n\t\t\t\t\t\t<div class=\"wd-post-date wd-style-with-bg\">\n\t\t\t\t<span class=\"post-date-day\">\n\t\t\t\t\t25\t\t\t\t<\/span>\n\t\t\t\t<span class=\"post-date-month\">\n\t\t\t\t\tMar\t\t\t\t<\/span>\n\t\t\t<\/div>\n\t\t\t\t<\/header>\n\n\t\t<div class=\"article-body-container\">\n\t\t\t\t\t\t\t<div class=\"meta-categories-wrapp\">\n\t\t\t\t\t<div class=\"meta-post-categories wd-post-cat wd-style-with-bg\">\n\t\t\t\t\t\t<a href=\"https:\/\/myforbia.cl\/category\/tendencias\/\" rel=\"category tag\">TENDENCIAS<\/a>, <a href=\"https:\/\/myforbia.cl\/category\/tendencias\/vida-social\/\" rel=\"category tag\">Vida social<\/a>\t\t\t\t\t<\/div>\n\t\t\t\t<\/div>\n\t\t\t\n\t\t\t\t\t\t\t<h3 class=\"wd-entities-title title post-title\">\n\t\t\t\t\t<a href=\"https:\/\/myforbia.cl\/2025\/03\/25\/glam-balance-en-infinosfera-una-experiencia-artistica-sin-fronteras\/\" rel=\"bookmark\">Forbia en INFINOSFERA: Una experiencia art\u00edstica sin fronteras<\/a>\n\t\t\t\t<\/h3>\n\t\t\t\n\t\t\t\t\t\t\t<div class=\"entry-meta wd-entry-meta\">\n\t\t\t\t\t\t\t\t<ul class=\"entry-meta-list\">\n\t\t\t\t\t\t\t\t\t<li class=\"modified-date\">\n\t\t\t\t\t\t\t\t<time class=\"updated\" datetime=\"2025-08-03T23:33:26+00:00\">\n\t\t\tAgosto 3, 2025\t\t<\/time>\n\t\t\t\t\t\t\t<\/li>\n\n\t\t\t\t\t\n\t\t\t\t\t\t\t\t\t\t\t<li class=\"meta-author\">\n\t\t\t\t\t\t\t\t\t\t\t\t<span>By<\/span>\n\t\t\n\t\t\t\t\t<img src=\"https:\/\/myforbia.cl\/wp-content\/uploads\/2025\/07\/FORBIA-Logo-Fondos-04-2-copia-1.png\" width=\"32\" height=\"32\" srcset=\"https:\/\/myforbia.cl\/wp-content\/uploads\/2025\/07\/FORBIA-Logo-Fondos-04-2-copia-1.png 2x\" alt=\"Myforbia\" class=\"avatar avatar-32 wp-user-avatar wp-user-avatar-32 alignnone photo\" \/>\t\t\n\t\t<a href=\"https:\/\/myforbia.cl\" class=\"author\" rel=\"author\">Myforbia<\/a>\n\t\t\t\t\t\t\t\t<\/li>\n\t\t\t\t\t\n\t\t\t\t\t\n\t\t\t\t\t\t\t\t\t\t\t<li class=\"meta-reply\">\n\t\t\t\t\t\t\t<a href=\"https:\/\/myforbia.cl\/2025\/03\/25\/glam-balance-en-infinosfera-una-experiencia-artistica-sin-fronteras\/#respond\"><span class=\"replies-count\">0<\/span> <span class=\"replies-count-label\">comments<\/span><\/a>\t\t\t\t\t\t<\/li>\n\t\t\t\t\t\t\t\t\t\t\t\t<\/ul>\n\t\t\t\t\t\t<\/div>\n\t\t\t\t\t\t\t\t\t<div class=\"hovered-social-icons wd-tltp\">\n\t\t\t\t\t\t<div class=\"tooltip top\">\n\t\t\t\t\t\t\t<div class=\"tooltip-arrow\"><\/div>\n\t\t\t\t\t\t\t<div class=\"tooltip-inner\">\n\t\t\t\t\t\t\t\t\t\t\t<div id=\"\" class=\" wd-social-icons wd-style-default wd-size-small social-share wd-shape-circle color-scheme-light text-center\">\n\t\t\t\t\n\t\t\t\t\n\t\t\t\t\t\t\t\t\t<a rel=\"noopener noreferrer nofollow\" href=\"https:\/\/www.facebook.com\/sharer\/sharer.php?u=https:\/\/myforbia.cl\/category\/tendencias\/\" target=\"_blank\" class=\" wd-social-icon social-facebook\" aria-label=\"Facebook social link\">\n\t\t\t\t\t\t<span class=\"wd-icon\"><\/span>\n\t\t\t\t\t\t\t\t\t\t\t<\/a>\n\t\t\t\t\n\t\t\t\t\t\t\t\t\t<a rel=\"noopener noreferrer nofollow\" href=\"https:\/\/x.com\/share?url=https:\/\/myforbia.cl\/category\/tendencias\/\" target=\"_blank\" class=\" wd-social-icon social-twitter\" aria-label=\"X social link\">\n\t\t\t\t\t\t<span class=\"wd-icon\"><\/span>\n\t\t\t\t\t\t\t\t\t\t\t<\/a>\n\t\t\t\t\n\t\t\t\t\n\t\t\t\t\n\t\t\t\t\n\t\t\t\t\t\t\t\t\t<a rel=\"noopener noreferrer nofollow\" href=\"https:\/\/pinterest.com\/pin\/create\/button\/?url=https:\/\/myforbia.cl\/category\/tendencias\/&media=https:\/\/myforbia.cl\/wp-content\/uploads\/2025\/03\/IMG_0603.jpg&description=Forbia+en+INFINOSFERA%3A+Una+experiencia+art%C3%ADstica+sin+fronteras\" target=\"_blank\" class=\" wd-social-icon social-pinterest\" aria-label=\"Pinterest social link\">\n\t\t\t\t\t\t<span class=\"wd-icon\"><\/span>\n\t\t\t\t\t\t\t\t\t\t\t<\/a>\n\t\t\t\t\n\t\t\t\t\n\t\t\t\t\t\t\t\t\t<a rel=\"noopener noreferrer nofollow\" href=\"https:\/\/www.linkedin.com\/shareArticle?mini=true&url=https:\/\/myforbia.cl\/category\/tendencias\/\" target=\"_blank\" class=\" wd-social-icon social-linkedin\" aria-label=\"Linkedin social link\">\n\t\t\t\t\t\t<span class=\"wd-icon\"><\/span>\n\t\t\t\t\t\t\t\t\t\t\t<\/a>\n\t\t\t\t\n\t\t\t\t\n\t\t\t\t\n\t\t\t\t\n\t\t\t\t\n\t\t\t\t\n\t\t\t\t\n\t\t\t\t\n\t\t\t\t\n\t\t\t\t\n\t\t\t\t\n\t\t\t\t\n\t\t\t\t\n\t\t\t\t\n\t\t\t\t\n\t\t\t\t\n\t\t\t\t\t\t\t\t\t<a rel=\"noopener noreferrer nofollow\" href=\"https:\/\/telegram.me\/share\/url?url=https:\/\/myforbia.cl\/category\/tendencias\/\" target=\"_blank\" class=\" wd-social-icon social-tg\" aria-label=\"Telegram social link\">\n\t\t\t\t\t\t<span class=\"wd-icon\"><\/span>\n\t\t\t\t\t\t\t\t\t\t\t<\/a>\n\t\t\t\t\n\t\t\t\t\n\t\t\t<\/div>\n\n\t\t\t\t\t\t\t\t\t<\/div>\n\t\t\t\t\t\t<\/div>\n\t\t\t\t\t<\/div>\n\t\t\t\t\t\t\t\n\t\t\t\t\t\t\t\t\t\t\t\t<div class=\"entry-content wd-post-desc\">\n\t\t\t\t\t\tEl arte trasciende l\u00edmites, desaf\u00eda percepciones y se convierte en un puente hacia nuevas dimensiones de la creatividad. Bajo esta premisa, la reciente exposici\u00f3n presentada en Manifiesto Gallery ha marcado...\t\t\t\t\t<\/div>\n\t\t\t\t\n\t\t\t\t\t\t\t\t\t\t\t\t\t\t<p class=\"read-more-section\">\n\t\t\t\t\t\t<a class=\"btn-read-more more-link\" href=\"https:\/\/myforbia.cl\/2025\/03\/25\/glam-balance-en-infinosfera-una-experiencia-artistica-sin-fronteras\/\">Continue reading<\/a>\t\t\t\t\t<\/p>\n\t\t\t\t\t\t\t\t\t\t\t\t\t<\/div>\n\t<\/div>\n<\/article>\n\n\t\t\t\t\t\t\t\t\t\t\t\n<article id=\"post-17331\" class=\"wd-post blog-design-masonry blog-post-loop blog-style-bg wd-add-shadow wd-col post-17331 post type-post status-publish format-standard has-post-thumbnail hentry category-artes category-columnas\">\n\t<div class=\"article-inner\">\n\t\t<header class=\"entry-header\">\n\t\t\t\t\t\t\t<figure class=\"entry-thumbnail\">\n\t\t\t\t\t\t\t\t\t\t\t<div class=\"post-img-wrapp\">\n\t\t\t\t\t\t\t<a href=\"https:\/\/myforbia.cl\/2025\/03\/15\/mujeres-que-leen-un-poder-para-la-transformacion\/\">\n\t\t\t\t\t\t\t\t<img width=\"1920\" height=\"2560\" src=\"https:\/\/myforbia.cl\/wp-content\/uploads\/2025\/03\/20250206_163840-1.jpg\" class=\"attachment-large size-large\" alt=\"\" decoding=\"async\" srcset=\"https:\/\/myforbia.cl\/wp-content\/uploads\/2025\/03\/20250206_163840-1.jpg 1920w, https:\/\/myforbia.cl\/wp-content\/uploads\/2025\/03\/20250206_163840-1-768x1024.jpg 768w, https:\/\/myforbia.cl\/wp-content\/uploads\/2025\/03\/20250206_163840-1-1152x1536.jpg 1152w, https:\/\/myforbia.cl\/wp-content\/uploads\/2025\/03\/20250206_163840-1-1536x2048.jpg 1536w, https:\/\/myforbia.cl\/wp-content\/uploads\/2025\/03\/20250206_163840-1-430x573.jpg 430w, https:\/\/myforbia.cl\/wp-content\/uploads\/2025\/03\/20250206_163840-1-700x933.jpg 700w, https:\/\/myforbia.cl\/wp-content\/uploads\/2025\/03\/20250206_163840-1-150x200.jpg 150w, https:\/\/myforbia.cl\/wp-content\/uploads\/2025\/03\/20250206_163840-1-300x400.jpg 300w\" sizes=\"(max-width: 1920px) 100vw, 1920px\" \/>\t\t\t\t\t\t\t<\/a>\n\t\t\t\t\t\t<\/div>\n\t\t\t\t\t\t<div class=\"post-image-mask\">\n\t\t\t\t\t\t\t<span><\/span>\n\t\t\t\t\t\t<\/div>\n\t\t\t\t\t\t\t\t\t<\/figure>\n\t\t\t\n\t\t\t\t\t\t<div class=\"wd-post-date wd-style-with-bg\">\n\t\t\t\t<span class=\"post-date-day\">\n\t\t\t\t\t15\t\t\t\t<\/span>\n\t\t\t\t<span class=\"post-date-month\">\n\t\t\t\t\tMar\t\t\t\t<\/span>\n\t\t\t<\/div>\n\t\t\t\t<\/header>\n\n\t\t<div class=\"article-body-container\">\n\t\t\t\t\t\t\t<div class=\"meta-categories-wrapp\">\n\t\t\t\t\t<div class=\"meta-post-categories wd-post-cat wd-style-with-bg\">\n\t\t\t\t\t\t<a href=\"https:\/\/myforbia.cl\/category\/tendencias\/artes\/\" rel=\"category tag\">Artes y Letras<\/a>, <a href=\"https:\/\/myforbia.cl\/category\/entrevistas-y-columnas\/columnas\/\" rel=\"category tag\">Columnas<\/a>\t\t\t\t\t<\/div>\n\t\t\t\t<\/div>\n\t\t\t\n\t\t\t\t\t\t\t<h3 class=\"wd-entities-title title post-title\">\n\t\t\t\t\t<a href=\"https:\/\/myforbia.cl\/2025\/03\/15\/mujeres-que-leen-un-poder-para-la-transformacion\/\" rel=\"bookmark\">Mujeres que Leen: Un poder para la transformaci\u00f3n<\/a>\n\t\t\t\t<\/h3>\n\t\t\t\n\t\t\t\t\t\t\t<div class=\"entry-meta wd-entry-meta\">\n\t\t\t\t\t\t\t\t<ul class=\"entry-meta-list\">\n\t\t\t\t\t\t\t\t\t<li class=\"modified-date\">\n\t\t\t\t\t\t\t\t<time class=\"updated\" datetime=\"2025-06-27T15:51:53+00:00\">\n\t\t\tJunio 27, 2025\t\t<\/time>\n\t\t\t\t\t\t\t<\/li>\n\n\t\t\t\t\t\n\t\t\t\t\t\t\t\t\t\t\t<li class=\"meta-author\">\n\t\t\t\t\t\t\t\t\t\t\t\t<span>By<\/span>\n\t\t\n\t\t\t\t\t<img src=\"https:\/\/myforbia.cl\/wp-content\/uploads\/2025\/07\/FORBIA-Logo-Fondos-04-2-copia-1.png\" width=\"32\" height=\"32\" srcset=\"https:\/\/myforbia.cl\/wp-content\/uploads\/2025\/07\/FORBIA-Logo-Fondos-04-2-copia-1.png 2x\" alt=\"Myforbia\" class=\"avatar avatar-32 wp-user-avatar wp-user-avatar-32 alignnone photo\" \/>\t\t\n\t\t<a href=\"https:\/\/myforbia.cl\" class=\"author\" rel=\"author\">Myforbia<\/a>\n\t\t\t\t\t\t\t\t<\/li>\n\t\t\t\t\t\n\t\t\t\t\t\n\t\t\t\t\t\t\t\t\t\t\t<li class=\"meta-reply\">\n\t\t\t\t\t\t\t<a href=\"https:\/\/myforbia.cl\/2025\/03\/15\/mujeres-que-leen-un-poder-para-la-transformacion\/#respond\"><span class=\"replies-count\">0<\/span> <span class=\"replies-count-label\">comments<\/span><\/a>\t\t\t\t\t\t<\/li>\n\t\t\t\t\t\t\t\t\t\t\t\t<\/ul>\n\t\t\t\t\t\t<\/div>\n\t\t\t\t\t\t\t\t\t<div class=\"hovered-social-icons wd-tltp\">\n\t\t\t\t\t\t<div class=\"tooltip top\">\n\t\t\t\t\t\t\t<div class=\"tooltip-arrow\"><\/div>\n\t\t\t\t\t\t\t<div class=\"tooltip-inner\">\n\t\t\t\t\t\t\t\t\t\t\t<div id=\"\" class=\" wd-social-icons wd-style-default wd-size-small social-share wd-shape-circle color-scheme-light text-center\">\n\t\t\t\t\n\t\t\t\t\n\t\t\t\t\t\t\t\t\t<a rel=\"noopener noreferrer nofollow\" href=\"https:\/\/www.facebook.com\/sharer\/sharer.php?u=https:\/\/myforbia.cl\/category\/tendencias\/\" target=\"_blank\" class=\" wd-social-icon social-facebook\" aria-label=\"Facebook social link\">\n\t\t\t\t\t\t<span class=\"wd-icon\"><\/span>\n\t\t\t\t\t\t\t\t\t\t\t<\/a>\n\t\t\t\t\n\t\t\t\t\t\t\t\t\t<a rel=\"noopener noreferrer nofollow\" href=\"https:\/\/x.com\/share?url=https:\/\/myforbia.cl\/category\/tendencias\/\" target=\"_blank\" class=\" wd-social-icon social-twitter\" aria-label=\"X social link\">\n\t\t\t\t\t\t<span class=\"wd-icon\"><\/span>\n\t\t\t\t\t\t\t\t\t\t\t<\/a>\n\t\t\t\t\n\t\t\t\t\n\t\t\t\t\n\t\t\t\t\n\t\t\t\t\t\t\t\t\t<a rel=\"noopener noreferrer nofollow\" href=\"https:\/\/pinterest.com\/pin\/create\/button\/?url=https:\/\/myforbia.cl\/category\/tendencias\/&media=https:\/\/myforbia.cl\/wp-content\/uploads\/2025\/03\/20250206_163840-1.jpg&description=Mujeres+que+Leen%3A+Un+poder+para+la+transformaci%C3%B3n\" target=\"_blank\" class=\" wd-social-icon social-pinterest\" aria-label=\"Pinterest social link\">\n\t\t\t\t\t\t<span class=\"wd-icon\"><\/span>\n\t\t\t\t\t\t\t\t\t\t\t<\/a>\n\t\t\t\t\n\t\t\t\t\n\t\t\t\t\t\t\t\t\t<a rel=\"noopener noreferrer nofollow\" href=\"https:\/\/www.linkedin.com\/shareArticle?mini=true&url=https:\/\/myforbia.cl\/category\/tendencias\/\" target=\"_blank\" class=\" wd-social-icon social-linkedin\" aria-label=\"Linkedin social link\">\n\t\t\t\t\t\t<span class=\"wd-icon\"><\/span>\n\t\t\t\t\t\t\t\t\t\t\t<\/a>\n\t\t\t\t\n\t\t\t\t\n\t\t\t\t\n\t\t\t\t\n\t\t\t\t\n\t\t\t\t\n\t\t\t\t\n\t\t\t\t\n\t\t\t\t\n\t\t\t\t\n\t\t\t\t\n\t\t\t\t\n\t\t\t\t\n\t\t\t\t\n\t\t\t\t\n\t\t\t\t\n\t\t\t\t\t\t\t\t\t<a rel=\"noopener noreferrer nofollow\" href=\"https:\/\/telegram.me\/share\/url?url=https:\/\/myforbia.cl\/category\/tendencias\/\" target=\"_blank\" class=\" wd-social-icon social-tg\" aria-label=\"Telegram social link\">\n\t\t\t\t\t\t<span class=\"wd-icon\"><\/span>\n\t\t\t\t\t\t\t\t\t\t\t<\/a>\n\t\t\t\t\n\t\t\t\t\n\t\t\t<\/div>\n\n\t\t\t\t\t\t\t\t\t<\/div>\n\t\t\t\t\t\t<\/div>\n\t\t\t\t\t<\/div>\n\t\t\t\t\t\t\t\n\t\t\t\t\t\t\t\t\t\t\t\t<div class=\"entry-content wd-post-desc\">\n\t\t\t\t\t\tLa lectura ha sido siempre una puerta abierta a infinitos mundos. Para muchas personas, los libros son refugios donde podemos vivir cientos de experiencias diferentes, desde enamorarnos hasta ser la...\t\t\t\t\t<\/div>\n\t\t\t\t\n\t\t\t\t\t\t\t\t\t\t\t\t\t\t<p class=\"read-more-section\">\n\t\t\t\t\t\t<a class=\"btn-read-more more-link\" href=\"https:\/\/myforbia.cl\/2025\/03\/15\/mujeres-que-leen-un-poder-para-la-transformacion\/\">Continue reading<\/a>\t\t\t\t\t<\/p>\n\t\t\t\t\t\t\t\t\t\t\t\t\t<\/div>\n\t<\/div>\n<\/article>\n\n\t\t\t\t\t\t\t\t\t\t\t\n<article id=\"post-17265\" class=\"wd-post blog-design-masonry blog-post-loop blog-style-bg wd-add-shadow wd-col post-17265 post type-post status-publish format-standard has-post-thumbnail hentry category-panoramas category-tendencias\">\n\t<div class=\"article-inner\">\n\t\t<header class=\"entry-header\">\n\t\t\t\t\t\t\t<figure class=\"entry-thumbnail\">\n\t\t\t\t\t\t\t\t\t\t\t<div class=\"post-img-wrapp\">\n\t\t\t\t\t\t\t<a href=\"https:\/\/myforbia.cl\/2025\/03\/15\/feria-bocas-moradas-llega-por-primera-vez-a-factoria-italia\/\">\n\t\t\t\t\t\t\t\t<img width=\"1498\" height=\"1000\" src=\"https:\/\/myforbia.cl\/wp-content\/uploads\/2025\/03\/07122024-_ROD7865.jpg\" class=\"attachment-large size-large\" alt=\"\" decoding=\"async\" srcset=\"https:\/\/myforbia.cl\/wp-content\/uploads\/2025\/03\/07122024-_ROD7865.jpg 1498w, https:\/\/myforbia.cl\/wp-content\/uploads\/2025\/03\/07122024-_ROD7865-768x513.jpg 768w, https:\/\/myforbia.cl\/wp-content\/uploads\/2025\/03\/07122024-_ROD7865-430x287.jpg 430w, https:\/\/myforbia.cl\/wp-content\/uploads\/2025\/03\/07122024-_ROD7865-700x467.jpg 700w, https:\/\/myforbia.cl\/wp-content\/uploads\/2025\/03\/07122024-_ROD7865-150x100.jpg 150w\" sizes=\"(max-width: 1498px) 100vw, 1498px\" \/>\t\t\t\t\t\t\t<\/a>\n\t\t\t\t\t\t<\/div>\n\t\t\t\t\t\t<div class=\"post-image-mask\">\n\t\t\t\t\t\t\t<span><\/span>\n\t\t\t\t\t\t<\/div>\n\t\t\t\t\t\t\t\t\t<\/figure>\n\t\t\t\n\t\t\t\t\t\t<div class=\"wd-post-date wd-style-with-bg\">\n\t\t\t\t<span class=\"post-date-day\">\n\t\t\t\t\t15\t\t\t\t<\/span>\n\t\t\t\t<span class=\"post-date-month\">\n\t\t\t\t\tMar\t\t\t\t<\/span>\n\t\t\t<\/div>\n\t\t\t\t<\/header>\n\n\t\t<div class=\"article-body-container\">\n\t\t\t\t\t\t\t<div class=\"meta-categories-wrapp\">\n\t\t\t\t\t<div class=\"meta-post-categories wd-post-cat wd-style-with-bg\">\n\t\t\t\t\t\t<a href=\"https:\/\/myforbia.cl\/category\/tendencias\/panoramas\/\" rel=\"category tag\">Panoramas<\/a>, <a href=\"https:\/\/myforbia.cl\/category\/tendencias\/\" rel=\"category tag\">TENDENCIAS<\/a>\t\t\t\t\t<\/div>\n\t\t\t\t<\/div>\n\t\t\t\n\t\t\t\t\t\t\t<h3 class=\"wd-entities-title title post-title\">\n\t\t\t\t\t<a href=\"https:\/\/myforbia.cl\/2025\/03\/15\/feria-bocas-moradas-llega-por-primera-vez-a-factoria-italia\/\" rel=\"bookmark\">FERIA BOCAS MORADAS LLEGA POR PRIMERA VEZ A FACTOR\u00cdA ITALIA<\/a>\n\t\t\t\t<\/h3>\n\t\t\t\n\t\t\t\t\t\t\t<div class=\"entry-meta wd-entry-meta\">\n\t\t\t\t\t\t\t\t<ul class=\"entry-meta-list\">\n\t\t\t\t\t\t\t\t\t<li class=\"modified-date\">\n\t\t\t\t\t\t\t\t<time class=\"updated\" datetime=\"2025-03-15T16:25:28+00:00\">\n\t\t\tMarzo 15, 2025\t\t<\/time>\n\t\t\t\t\t\t\t<\/li>\n\n\t\t\t\t\t\n\t\t\t\t\t\t\t\t\t\t\t<li class=\"meta-author\">\n\t\t\t\t\t\t\t\t\t\t\t\t<span>By<\/span>\n\t\t\n\t\t\t\t\t<img src=\"https:\/\/myforbia.cl\/wp-content\/uploads\/2025\/07\/FORBIA-Logo-Fondos-04-2-copia-1.png\" width=\"32\" height=\"32\" srcset=\"https:\/\/myforbia.cl\/wp-content\/uploads\/2025\/07\/FORBIA-Logo-Fondos-04-2-copia-1.png 2x\" alt=\"Myforbia\" class=\"avatar avatar-32 wp-user-avatar wp-user-avatar-32 alignnone photo\" \/>\t\t\n\t\t<a href=\"https:\/\/myforbia.cl\" class=\"author\" rel=\"author\">Myforbia<\/a>\n\t\t\t\t\t\t\t\t<\/li>\n\t\t\t\t\t\n\t\t\t\t\t\n\t\t\t\t\t\t\t\t\t\t\t<li class=\"meta-reply\">\n\t\t\t\t\t\t\t<a href=\"https:\/\/myforbia.cl\/2025\/03\/15\/feria-bocas-moradas-llega-por-primera-vez-a-factoria-italia\/#respond\"><span class=\"replies-count\">0<\/span> <span class=\"replies-count-label\">comments<\/span><\/a>\t\t\t\t\t\t<\/li>\n\t\t\t\t\t\t\t\t\t\t\t\t<\/ul>\n\t\t\t\t\t\t<\/div>\n\t\t\t\t\t\t\t\t\t<div class=\"hovered-social-icons wd-tltp\">\n\t\t\t\t\t\t<div class=\"tooltip top\">\n\t\t\t\t\t\t\t<div class=\"tooltip-arrow\"><\/div>\n\t\t\t\t\t\t\t<div class=\"tooltip-inner\">\n\t\t\t\t\t\t\t\t\t\t\t<div id=\"\" class=\" wd-social-icons wd-style-default wd-size-small social-share wd-shape-circle color-scheme-light text-center\">\n\t\t\t\t\n\t\t\t\t\n\t\t\t\t\t\t\t\t\t<a rel=\"noopener noreferrer nofollow\" href=\"https:\/\/www.facebook.com\/sharer\/sharer.php?u=https:\/\/myforbia.cl\/category\/tendencias\/\" target=\"_blank\" class=\" wd-social-icon social-facebook\" aria-label=\"Facebook social link\">\n\t\t\t\t\t\t<span class=\"wd-icon\"><\/span>\n\t\t\t\t\t\t\t\t\t\t\t<\/a>\n\t\t\t\t\n\t\t\t\t\t\t\t\t\t<a rel=\"noopener noreferrer nofollow\" href=\"https:\/\/x.com\/share?url=https:\/\/myforbia.cl\/category\/tendencias\/\" target=\"_blank\" class=\" wd-social-icon social-twitter\" aria-label=\"X social link\">\n\t\t\t\t\t\t<span class=\"wd-icon\"><\/span>\n\t\t\t\t\t\t\t\t\t\t\t<\/a>\n\t\t\t\t\n\t\t\t\t\n\t\t\t\t\n\t\t\t\t\n\t\t\t\t\t\t\t\t\t<a rel=\"noopener noreferrer nofollow\" href=\"https:\/\/pinterest.com\/pin\/create\/button\/?url=https:\/\/myforbia.cl\/category\/tendencias\/&media=https:\/\/myforbia.cl\/wp-content\/uploads\/2025\/03\/07122024-_ROD7865.jpg&description=FERIA+BOCAS+MORADAS+LLEGA+POR+PRIMERA+VEZ+A+FACTOR%C3%8DA+ITALIA\" target=\"_blank\" class=\" wd-social-icon social-pinterest\" aria-label=\"Pinterest social link\">\n\t\t\t\t\t\t<span class=\"wd-icon\"><\/span>\n\t\t\t\t\t\t\t\t\t\t\t<\/a>\n\t\t\t\t\n\t\t\t\t\n\t\t\t\t\t\t\t\t\t<a rel=\"noopener noreferrer nofollow\" href=\"https:\/\/www.linkedin.com\/shareArticle?mini=true&url=https:\/\/myforbia.cl\/category\/tendencias\/\" target=\"_blank\" class=\" wd-social-icon social-linkedin\" aria-label=\"Linkedin social link\">\n\t\t\t\t\t\t<span class=\"wd-icon\"><\/span>\n\t\t\t\t\t\t\t\t\t\t\t<\/a>\n\t\t\t\t\n\t\t\t\t\n\t\t\t\t\n\t\t\t\t\n\t\t\t\t\n\t\t\t\t\n\t\t\t\t\n\t\t\t\t\n\t\t\t\t\n\t\t\t\t\n\t\t\t\t\n\t\t\t\t\n\t\t\t\t\n\t\t\t\t\n\t\t\t\t\n\t\t\t\t\n\t\t\t\t\t\t\t\t\t<a rel=\"noopener noreferrer nofollow\" href=\"https:\/\/telegram.me\/share\/url?url=https:\/\/myforbia.cl\/category\/tendencias\/\" target=\"_blank\" class=\" wd-social-icon social-tg\" aria-label=\"Telegram social link\">\n\t\t\t\t\t\t<span class=\"wd-icon\"><\/span>\n\t\t\t\t\t\t\t\t\t\t\t<\/a>\n\t\t\t\t\n\t\t\t\t\n\t\t\t<\/div>\n\n\t\t\t\t\t\t\t\t\t<\/div>\n\t\t\t\t\t\t<\/div>\n\t\t\t\t\t<\/div>\n\t\t\t\t\t\t\t\n\t\t\t\t\t\t\t\t\t\t\t\t<div class=\"entry-content wd-post-desc\">\n\t\t\t\t\t\tLa feria de vinos de autor m\u00e1s esperada de Chile regresa este 29 y 30 de marzo, y por primera vez a Factor\u00eda Italia en Providencia, con una selecci\u00f3n de...\t\t\t\t\t<\/div>\n\t\t\t\t\n\t\t\t\t\t\t\t\t\t\t\t\t\t\t<p class=\"read-more-section\">\n\t\t\t\t\t\t<a class=\"btn-read-more more-link\" href=\"https:\/\/myforbia.cl\/2025\/03\/15\/feria-bocas-moradas-llega-por-primera-vez-a-factoria-italia\/\">Continue reading<\/a>\t\t\t\t\t<\/p>\n\t\t\t\t\t\t\t\t\t\t\t\t\t<\/div>\n\t<\/div>\n<\/article>\n\n\t\t\t\t\t\t\t\t\t\t\t\n<article id=\"post-17260\" class=\"wd-post blog-design-masonry blog-post-loop blog-style-bg wd-add-shadow wd-col post-17260 post type-post status-publish format-standard has-post-thumbnail hentry category-panoramas category-tendencias\">\n\t<div class=\"article-inner\">\n\t\t<header class=\"entry-header\">\n\t\t\t\t\t\t\t<figure class=\"entry-thumbnail\">\n\t\t\t\t\t\t\t\t\t\t\t<div class=\"post-img-wrapp\">\n\t\t\t\t\t\t\t<a href=\"https:\/\/myforbia.cl\/2025\/03\/15\/hm-inicia-una-nueva-era-mas-moda-mas-expresion-mas-innovacion\/\">\n\t\t\t\t\t\t\t\t<img width=\"2560\" height=\"1810\" src=\"https:\/\/myforbia.cl\/wp-content\/uploads\/2025\/03\/1000A-PR-Landscape-A4-sRGB-300ppi-240604-5.jpg\" class=\"attachment-large size-large\" alt=\"\" decoding=\"async\" srcset=\"https:\/\/myforbia.cl\/wp-content\/uploads\/2025\/03\/1000A-PR-Landscape-A4-sRGB-300ppi-240604-5.jpg 2560w, https:\/\/myforbia.cl\/wp-content\/uploads\/2025\/03\/1000A-PR-Landscape-A4-sRGB-300ppi-240604-5-768x543.jpg 768w, https:\/\/myforbia.cl\/wp-content\/uploads\/2025\/03\/1000A-PR-Landscape-A4-sRGB-300ppi-240604-5-1536x1086.jpg 1536w, https:\/\/myforbia.cl\/wp-content\/uploads\/2025\/03\/1000A-PR-Landscape-A4-sRGB-300ppi-240604-5-2048x1448.jpg 2048w, https:\/\/myforbia.cl\/wp-content\/uploads\/2025\/03\/1000A-PR-Landscape-A4-sRGB-300ppi-240604-5-430x304.jpg 430w, https:\/\/myforbia.cl\/wp-content\/uploads\/2025\/03\/1000A-PR-Landscape-A4-sRGB-300ppi-240604-5-700x495.jpg 700w, https:\/\/myforbia.cl\/wp-content\/uploads\/2025\/03\/1000A-PR-Landscape-A4-sRGB-300ppi-240604-5-150x106.jpg 150w\" sizes=\"(max-width: 2560px) 100vw, 2560px\" \/>\t\t\t\t\t\t\t<\/a>\n\t\t\t\t\t\t<\/div>\n\t\t\t\t\t\t<div class=\"post-image-mask\">\n\t\t\t\t\t\t\t<span><\/span>\n\t\t\t\t\t\t<\/div>\n\t\t\t\t\t\t\t\t\t<\/figure>\n\t\t\t\n\t\t\t\t\t\t<div class=\"wd-post-date wd-style-with-bg\">\n\t\t\t\t<span class=\"post-date-day\">\n\t\t\t\t\t15\t\t\t\t<\/span>\n\t\t\t\t<span class=\"post-date-month\">\n\t\t\t\t\tMar\t\t\t\t<\/span>\n\t\t\t<\/div>\n\t\t\t\t<\/header>\n\n\t\t<div class=\"article-body-container\">\n\t\t\t\t\t\t\t<div class=\"meta-categories-wrapp\">\n\t\t\t\t\t<div class=\"meta-post-categories wd-post-cat wd-style-with-bg\">\n\t\t\t\t\t\t<a href=\"https:\/\/myforbia.cl\/category\/tendencias\/panoramas\/\" rel=\"category tag\">Panoramas<\/a>, <a href=\"https:\/\/myforbia.cl\/category\/tendencias\/\" rel=\"category tag\">TENDENCIAS<\/a>\t\t\t\t\t<\/div>\n\t\t\t\t<\/div>\n\t\t\t\n\t\t\t\t\t\t\t<h3 class=\"wd-entities-title title post-title\">\n\t\t\t\t\t<a href=\"https:\/\/myforbia.cl\/2025\/03\/15\/hm-inicia-una-nueva-era-mas-moda-mas-expresion-mas-innovacion\/\" rel=\"bookmark\">H&amp;M inicia una nueva era: m\u00e1s moda, m\u00e1s expresi\u00f3n, m\u00e1s innovaci\u00f3n<\/a>\n\t\t\t\t<\/h3>\n\t\t\t\n\t\t\t\t\t\t\t<div class=\"entry-meta wd-entry-meta\">\n\t\t\t\t\t\t\t\t<ul class=\"entry-meta-list\">\n\t\t\t\t\t\t\t\t\t<li class=\"modified-date\">\n\t\t\t\t\t\t\t\t<time class=\"updated\" datetime=\"2025-03-15T16:22:38+00:00\">\n\t\t\tMarzo 15, 2025\t\t<\/time>\n\t\t\t\t\t\t\t<\/li>\n\n\t\t\t\t\t\n\t\t\t\t\t\t\t\t\t\t\t<li class=\"meta-author\">\n\t\t\t\t\t\t\t\t\t\t\t\t<span>By<\/span>\n\t\t\n\t\t\t\t\t<img src=\"https:\/\/myforbia.cl\/wp-content\/uploads\/2025\/07\/FORBIA-Logo-Fondos-04-2-copia-1.png\" width=\"32\" height=\"32\" srcset=\"https:\/\/myforbia.cl\/wp-content\/uploads\/2025\/07\/FORBIA-Logo-Fondos-04-2-copia-1.png 2x\" alt=\"Myforbia\" class=\"avatar avatar-32 wp-user-avatar wp-user-avatar-32 alignnone photo\" \/>\t\t\n\t\t<a href=\"https:\/\/myforbia.cl\" class=\"author\" rel=\"author\">Myforbia<\/a>\n\t\t\t\t\t\t\t\t<\/li>\n\t\t\t\t\t\n\t\t\t\t\t\n\t\t\t\t\t\t\t\t\t\t\t<li class=\"meta-reply\">\n\t\t\t\t\t\t\t<a href=\"https:\/\/myforbia.cl\/2025\/03\/15\/hm-inicia-una-nueva-era-mas-moda-mas-expresion-mas-innovacion\/#respond\"><span class=\"replies-count\">0<\/span> <span class=\"replies-count-label\">comments<\/span><\/a>\t\t\t\t\t\t<\/li>\n\t\t\t\t\t\t\t\t\t\t\t\t<\/ul>\n\t\t\t\t\t\t<\/div>\n\t\t\t\t\t\t\t\t\t<div class=\"hovered-social-icons wd-tltp\">\n\t\t\t\t\t\t<div class=\"tooltip top\">\n\t\t\t\t\t\t\t<div class=\"tooltip-arrow\"><\/div>\n\t\t\t\t\t\t\t<div class=\"tooltip-inner\">\n\t\t\t\t\t\t\t\t\t\t\t<div id=\"\" class=\" wd-social-icons wd-style-default wd-size-small social-share wd-shape-circle color-scheme-light text-center\">\n\t\t\t\t\n\t\t\t\t\n\t\t\t\t\t\t\t\t\t<a rel=\"noopener noreferrer nofollow\" href=\"https:\/\/www.facebook.com\/sharer\/sharer.php?u=https:\/\/myforbia.cl\/category\/tendencias\/\" target=\"_blank\" class=\" wd-social-icon social-facebook\" aria-label=\"Facebook social link\">\n\t\t\t\t\t\t<span class=\"wd-icon\"><\/span>\n\t\t\t\t\t\t\t\t\t\t\t<\/a>\n\t\t\t\t\n\t\t\t\t\t\t\t\t\t<a rel=\"noopener noreferrer nofollow\" href=\"https:\/\/x.com\/share?url=https:\/\/myforbia.cl\/category\/tendencias\/\" target=\"_blank\" class=\" wd-social-icon social-twitter\" aria-label=\"X social link\">\n\t\t\t\t\t\t<span class=\"wd-icon\"><\/span>\n\t\t\t\t\t\t\t\t\t\t\t<\/a>\n\t\t\t\t\n\t\t\t\t\n\t\t\t\t\n\t\t\t\t\n\t\t\t\t\t\t\t\t\t<a rel=\"noopener noreferrer nofollow\" href=\"https:\/\/pinterest.com\/pin\/create\/button\/?url=https:\/\/myforbia.cl\/category\/tendencias\/&media=https:\/\/myforbia.cl\/wp-content\/uploads\/2025\/03\/1000A-PR-Landscape-A4-sRGB-300ppi-240604-5.jpg&description=H%26amp%3BM+inicia+una+nueva+era%3A+m%C3%A1s+moda%2C+m%C3%A1s+expresi%C3%B3n%2C+m%C3%A1s+innovaci%C3%B3n\" target=\"_blank\" class=\" wd-social-icon social-pinterest\" aria-label=\"Pinterest social link\">\n\t\t\t\t\t\t<span class=\"wd-icon\"><\/span>\n\t\t\t\t\t\t\t\t\t\t\t<\/a>\n\t\t\t\t\n\t\t\t\t\n\t\t\t\t\t\t\t\t\t<a rel=\"noopener noreferrer nofollow\" href=\"https:\/\/www.linkedin.com\/shareArticle?mini=true&url=https:\/\/myforbia.cl\/category\/tendencias\/\" target=\"_blank\" class=\" wd-social-icon social-linkedin\" aria-label=\"Linkedin social link\">\n\t\t\t\t\t\t<span class=\"wd-icon\"><\/span>\n\t\t\t\t\t\t\t\t\t\t\t<\/a>\n\t\t\t\t\n\t\t\t\t\n\t\t\t\t\n\t\t\t\t\n\t\t\t\t\n\t\t\t\t\n\t\t\t\t\n\t\t\t\t\n\t\t\t\t\n\t\t\t\t\n\t\t\t\t\n\t\t\t\t\n\t\t\t\t\n\t\t\t\t\n\t\t\t\t\n\t\t\t\t\n\t\t\t\t\t\t\t\t\t<a rel=\"noopener noreferrer nofollow\" href=\"https:\/\/telegram.me\/share\/url?url=https:\/\/myforbia.cl\/category\/tendencias\/\" target=\"_blank\" class=\" wd-social-icon social-tg\" aria-label=\"Telegram social link\">\n\t\t\t\t\t\t<span class=\"wd-icon\"><\/span>\n\t\t\t\t\t\t\t\t\t\t\t<\/a>\n\t\t\t\t\n\t\t\t\t\n\t\t\t<\/div>\n\n\t\t\t\t\t\t\t\t\t<\/div>\n\t\t\t\t\t\t<\/div>\n\t\t\t\t\t<\/div>\n\t\t\t\t\t\t\t\n\t\t\t\t\t\t\t\t\t\t\t\t<div class=\"entry-content wd-post-desc\">\n\t\t\t\t\t\tDesde 2024, H&amp;M ha emprendido un proceso de renovaci\u00f3n de su propuesta de moda. Con la llegada de su colecci\u00f3n Oto\u00f1o-Invierno a Chile este 20 de marzo, la firma celebra...\t\t\t\t\t<\/div>\n\t\t\t\t\n\t\t\t\t\t\t\t\t\t\t\t\t\t\t<p class=\"read-more-section\">\n\t\t\t\t\t\t<a class=\"btn-read-more more-link\" href=\"https:\/\/myforbia.cl\/2025\/03\/15\/hm-inicia-una-nueva-era-mas-moda-mas-expresion-mas-innovacion\/\">Continue reading<\/a>\t\t\t\t\t<\/p>\n\t\t\t\t\t\t\t\t\t\t\t\t\t<\/div>\n\t<\/div>\n<\/article>\n\n\t\t\t\t\t\t\t\t\t\t\t\n<article id=\"post-17108\" class=\"wd-post blog-design-masonry blog-post-loop blog-style-bg wd-add-shadow wd-col post-17108 post type-post status-publish format-standard has-post-thumbnail hentry category-artes category-entrevistas\">\n\t<div class=\"article-inner\">\n\t\t<header class=\"entry-header\">\n\t\t\t\t\t\t\t<figure class=\"entry-thumbnail\">\n\t\t\t\t\t\t\t\t\t\t\t<div class=\"post-img-wrapp\">\n\t\t\t\t\t\t\t<a href=\"https:\/\/myforbia.cl\/2025\/03\/11\/antonia-guzman-hay-que-escribir-y-lanzarse-porque-el-unico-fracaso-real-es-no-intentarlo\/\">\n\t\t\t\t\t\t\t\t<img width=\"1920\" height=\"2560\" src=\"https:\/\/myforbia.cl\/wp-content\/uploads\/2025\/03\/IMG_1137_jpg-scaled.jpg\" class=\"attachment-large size-large\" alt=\"\" decoding=\"async\" srcset=\"https:\/\/myforbia.cl\/wp-content\/uploads\/2025\/03\/IMG_1137_jpg-scaled.jpg 1920w, https:\/\/myforbia.cl\/wp-content\/uploads\/2025\/03\/IMG_1137_jpg-768x1024.jpg 768w, https:\/\/myforbia.cl\/wp-content\/uploads\/2025\/03\/IMG_1137_jpg-1152x1536.jpg 1152w, https:\/\/myforbia.cl\/wp-content\/uploads\/2025\/03\/IMG_1137_jpg-1536x2048.jpg 1536w, https:\/\/myforbia.cl\/wp-content\/uploads\/2025\/03\/IMG_1137_jpg-430x573.jpg 430w, https:\/\/myforbia.cl\/wp-content\/uploads\/2025\/03\/IMG_1137_jpg-700x933.jpg 700w, https:\/\/myforbia.cl\/wp-content\/uploads\/2025\/03\/IMG_1137_jpg-150x200.jpg 150w, https:\/\/myforbia.cl\/wp-content\/uploads\/2025\/03\/IMG_1137_jpg-scaled-300x400.jpg 300w\" sizes=\"(max-width: 1920px) 100vw, 1920px\" \/>\t\t\t\t\t\t\t<\/a>\n\t\t\t\t\t\t<\/div>\n\t\t\t\t\t\t<div class=\"post-image-mask\">\n\t\t\t\t\t\t\t<span><\/span>\n\t\t\t\t\t\t<\/div>\n\t\t\t\t\t\t\t\t\t<\/figure>\n\t\t\t\n\t\t\t\t\t\t<div class=\"wd-post-date wd-style-with-bg\">\n\t\t\t\t<span class=\"post-date-day\">\n\t\t\t\t\t11\t\t\t\t<\/span>\n\t\t\t\t<span class=\"post-date-month\">\n\t\t\t\t\tMar\t\t\t\t<\/span>\n\t\t\t<\/div>\n\t\t\t\t<\/header>\n\n\t\t<div class=\"article-body-container\">\n\t\t\t\t\t\t\t<div class=\"meta-categories-wrapp\">\n\t\t\t\t\t<div class=\"meta-post-categories wd-post-cat wd-style-with-bg\">\n\t\t\t\t\t\t<a href=\"https:\/\/myforbia.cl\/category\/tendencias\/artes\/\" rel=\"category tag\">Artes y Letras<\/a>, <a href=\"https:\/\/myforbia.cl\/category\/entrevistas-y-columnas\/entrevistas\/\" rel=\"category tag\">Entrevistas<\/a>\t\t\t\t\t<\/div>\n\t\t\t\t<\/div>\n\t\t\t\n\t\t\t\t\t\t\t<h3 class=\"wd-entities-title title post-title\">\n\t\t\t\t\t<a href=\"https:\/\/myforbia.cl\/2025\/03\/11\/antonia-guzman-hay-que-escribir-y-lanzarse-porque-el-unico-fracaso-real-es-no-intentarlo\/\" rel=\"bookmark\">Antonia Guzm\u00e1n: &#8220;Hay que escribir y lanzarse, porque el \u00fanico fracaso real es no intentarlo&#8221;.<\/a>\n\t\t\t\t<\/h3>\n\t\t\t\n\t\t\t\t\t\t\t<div class=\"entry-meta wd-entry-meta\">\n\t\t\t\t\t\t\t\t<ul class=\"entry-meta-list\">\n\t\t\t\t\t\t\t\t\t<li class=\"modified-date\">\n\t\t\t\t\t\t\t\t<time class=\"updated\" datetime=\"2025-06-22T23:54:43+00:00\">\n\t\t\tJunio 22, 2025\t\t<\/time>\n\t\t\t\t\t\t\t<\/li>\n\n\t\t\t\t\t\n\t\t\t\t\t\t\t\t\t\t\t<li class=\"meta-author\">\n\t\t\t\t\t\t\t\t\t\t\t\t<span>By<\/span>\n\t\t\n\t\t\t\t\t<img src=\"https:\/\/myforbia.cl\/wp-content\/uploads\/2025\/07\/FORBIA-Logo-Fondos-04-2-copia-1.png\" width=\"32\" height=\"32\" srcset=\"https:\/\/myforbia.cl\/wp-content\/uploads\/2025\/07\/FORBIA-Logo-Fondos-04-2-copia-1.png 2x\" alt=\"Myforbia\" class=\"avatar avatar-32 wp-user-avatar wp-user-avatar-32 alignnone photo\" \/>\t\t\n\t\t<a href=\"https:\/\/myforbia.cl\" class=\"author\" rel=\"author\">Myforbia<\/a>\n\t\t\t\t\t\t\t\t<\/li>\n\t\t\t\t\t\n\t\t\t\t\t\n\t\t\t\t\t\t\t\t\t\t\t<li class=\"meta-reply\">\n\t\t\t\t\t\t\t<a href=\"https:\/\/myforbia.cl\/2025\/03\/11\/antonia-guzman-hay-que-escribir-y-lanzarse-porque-el-unico-fracaso-real-es-no-intentarlo\/#respond\"><span class=\"replies-count\">0<\/span> <span class=\"replies-count-label\">comments<\/span><\/a>\t\t\t\t\t\t<\/li>\n\t\t\t\t\t\t\t\t\t\t\t\t<\/ul>\n\t\t\t\t\t\t<\/div>\n\t\t\t\t\t\t\t\t\t<div class=\"hovered-social-icons wd-tltp\">\n\t\t\t\t\t\t<div class=\"tooltip top\">\n\t\t\t\t\t\t\t<div class=\"tooltip-arrow\"><\/div>\n\t\t\t\t\t\t\t<div class=\"tooltip-inner\">\n\t\t\t\t\t\t\t\t\t\t\t<div id=\"\" class=\" wd-social-icons wd-style-default wd-size-small social-share wd-shape-circle color-scheme-light text-center\">\n\t\t\t\t\n\t\t\t\t\n\t\t\t\t\t\t\t\t\t<a rel=\"noopener noreferrer nofollow\" href=\"https:\/\/www.facebook.com\/sharer\/sharer.php?u=https:\/\/myforbia.cl\/category\/tendencias\/\" target=\"_blank\" class=\" wd-social-icon social-facebook\" aria-label=\"Facebook social link\">\n\t\t\t\t\t\t<span class=\"wd-icon\"><\/span>\n\t\t\t\t\t\t\t\t\t\t\t<\/a>\n\t\t\t\t\n\t\t\t\t\t\t\t\t\t<a rel=\"noopener noreferrer nofollow\" href=\"https:\/\/x.com\/share?url=https:\/\/myforbia.cl\/category\/tendencias\/\" target=\"_blank\" class=\" wd-social-icon social-twitter\" aria-label=\"X social link\">\n\t\t\t\t\t\t<span class=\"wd-icon\"><\/span>\n\t\t\t\t\t\t\t\t\t\t\t<\/a>\n\t\t\t\t\n\t\t\t\t\n\t\t\t\t\n\t\t\t\t\n\t\t\t\t\t\t\t\t\t<a rel=\"noopener noreferrer nofollow\" href=\"https:\/\/pinterest.com\/pin\/create\/button\/?url=https:\/\/myforbia.cl\/category\/tendencias\/&media=https:\/\/myforbia.cl\/wp-content\/uploads\/2025\/03\/IMG_1137_jpg-scaled.jpg&description=Antonia+Guzm%C3%A1n%3A+%26%238220%3BHay+que+escribir+y+lanzarse%2C+porque+el+%C3%BAnico+fracaso+real+es+no+intentarlo%26%238221%3B.\" target=\"_blank\" class=\" wd-social-icon social-pinterest\" aria-label=\"Pinterest social link\">\n\t\t\t\t\t\t<span class=\"wd-icon\"><\/span>\n\t\t\t\t\t\t\t\t\t\t\t<\/a>\n\t\t\t\t\n\t\t\t\t\n\t\t\t\t\t\t\t\t\t<a rel=\"noopener noreferrer nofollow\" href=\"https:\/\/www.linkedin.com\/shareArticle?mini=true&url=https:\/\/myforbia.cl\/category\/tendencias\/\" target=\"_blank\" class=\" wd-social-icon social-linkedin\" aria-label=\"Linkedin social link\">\n\t\t\t\t\t\t<span class=\"wd-icon\"><\/span>\n\t\t\t\t\t\t\t\t\t\t\t<\/a>\n\t\t\t\t\n\t\t\t\t\n\t\t\t\t\n\t\t\t\t\n\t\t\t\t\n\t\t\t\t\n\t\t\t\t\n\t\t\t\t\n\t\t\t\t\n\t\t\t\t\n\t\t\t\t\n\t\t\t\t\n\t\t\t\t\n\t\t\t\t\n\t\t\t\t\n\t\t\t\t\n\t\t\t\t\t\t\t\t\t<a rel=\"noopener noreferrer nofollow\" href=\"https:\/\/telegram.me\/share\/url?url=https:\/\/myforbia.cl\/category\/tendencias\/\" target=\"_blank\" class=\" wd-social-icon social-tg\" aria-label=\"Telegram social link\">\n\t\t\t\t\t\t<span class=\"wd-icon\"><\/span>\n\t\t\t\t\t\t\t\t\t\t\t<\/a>\n\t\t\t\t\n\t\t\t\t\n\t\t\t<\/div>\n\n\t\t\t\t\t\t\t\t\t<\/div>\n\t\t\t\t\t\t<\/div>\n\t\t\t\t\t<\/div>\n\t\t\t\t\t\t\t\n\t\t\t\t\t\t\t\t\t\t\t\t<div class=\"entry-content wd-post-desc\">\n\t\t\t\t\t\t<p>Tannya Millencka<\/p>\n\t\t\t\t\t<\/div>\n\t\t\t\t\n\t\t\t\t\t\t\t\t\t\t\t\t\t\t<p class=\"read-more-section\">\n\t\t\t\t\t\t<a class=\"btn-read-more more-link\" href=\"https:\/\/myforbia.cl\/2025\/03\/11\/antonia-guzman-hay-que-escribir-y-lanzarse-porque-el-unico-fracaso-real-es-no-intentarlo\/\">Continue reading<\/a>\t\t\t\t\t<\/p>\n\t\t\t\t\t\t\t\t\t\t\t\t\t<\/div>\n\t<\/div>\n<\/article>\n\n\t\t\t\t\t\t\t\t\t\t\t\n<article id=\"post-17100\" class=\"wd-post blog-design-masonry blog-post-loop blog-style-bg wd-add-shadow wd-col post-17100 post type-post status-publish format-standard has-post-thumbnail hentry category-artes category-entrevistas\">\n\t<div class=\"article-inner\">\n\t\t<header class=\"entry-header\">\n\t\t\t\t\t\t\t<figure class=\"entry-thumbnail\">\n\t\t\t\t\t\t\t\t\t\t\t<div class=\"post-img-wrapp\">\n\t\t\t\t\t\t\t<a href=\"https:\/\/myforbia.cl\/2025\/03\/11\/rocio-sanchez-aliaga-el-arte-debe-ser-de-todos-y-la-ciudadania-debe-sentirse-parte-de-el-no-solo-como-espectadora-sino-como-participante-activo\/\">\n\t\t\t\t\t\t\t\t<img width=\"853\" height=\"1280\" src=\"https:\/\/myforbia.cl\/wp-content\/uploads\/2025\/03\/38b303ce-6c7e-4eea-be14-63515f52d54d-1.jpeg\" class=\"attachment-large size-large\" alt=\"\" decoding=\"async\" srcset=\"https:\/\/myforbia.cl\/wp-content\/uploads\/2025\/03\/38b303ce-6c7e-4eea-be14-63515f52d54d-1.jpeg 853w, https:\/\/myforbia.cl\/wp-content\/uploads\/2025\/03\/38b303ce-6c7e-4eea-be14-63515f52d54d-1-768x1152.jpeg 768w, https:\/\/myforbia.cl\/wp-content\/uploads\/2025\/03\/38b303ce-6c7e-4eea-be14-63515f52d54d-1-430x645.jpeg 430w, https:\/\/myforbia.cl\/wp-content\/uploads\/2025\/03\/38b303ce-6c7e-4eea-be14-63515f52d54d-1-700x1050.jpeg 700w, https:\/\/myforbia.cl\/wp-content\/uploads\/2025\/03\/38b303ce-6c7e-4eea-be14-63515f52d54d-1-150x225.jpeg 150w\" sizes=\"(max-width: 853px) 100vw, 853px\" \/>\t\t\t\t\t\t\t<\/a>\n\t\t\t\t\t\t<\/div>\n\t\t\t\t\t\t<div class=\"post-image-mask\">\n\t\t\t\t\t\t\t<span><\/span>\n\t\t\t\t\t\t<\/div>\n\t\t\t\t\t\t\t\t\t<\/figure>\n\t\t\t\n\t\t\t\t\t\t<div class=\"wd-post-date wd-style-with-bg\">\n\t\t\t\t<span class=\"post-date-day\">\n\t\t\t\t\t11\t\t\t\t<\/span>\n\t\t\t\t<span class=\"post-date-month\">\n\t\t\t\t\tMar\t\t\t\t<\/span>\n\t\t\t<\/div>\n\t\t\t\t<\/header>\n\n\t\t<div class=\"article-body-container\">\n\t\t\t\t\t\t\t<div class=\"meta-categories-wrapp\">\n\t\t\t\t\t<div class=\"meta-post-categories wd-post-cat wd-style-with-bg\">\n\t\t\t\t\t\t<a href=\"https:\/\/myforbia.cl\/category\/tendencias\/artes\/\" rel=\"category tag\">Artes y Letras<\/a>, <a href=\"https:\/\/myforbia.cl\/category\/entrevistas-y-columnas\/entrevistas\/\" rel=\"category tag\">Entrevistas<\/a>\t\t\t\t\t<\/div>\n\t\t\t\t<\/div>\n\t\t\t\n\t\t\t\t\t\t\t<h3 class=\"wd-entities-title title post-title\">\n\t\t\t\t\t<a href=\"https:\/\/myforbia.cl\/2025\/03\/11\/rocio-sanchez-aliaga-el-arte-debe-ser-de-todos-y-la-ciudadania-debe-sentirse-parte-de-el-no-solo-como-espectadora-sino-como-participante-activo\/\" rel=\"bookmark\">Roc\u00edo S\u00e1nchez Aliaga: &#8220;El arte es de todos y debe vivirse activamente, no solo observarse&#8221;.<\/a>\n\t\t\t\t<\/h3>\n\t\t\t\n\t\t\t\t\t\t\t<div class=\"entry-meta wd-entry-meta\">\n\t\t\t\t\t\t\t\t<ul class=\"entry-meta-list\">\n\t\t\t\t\t\t\t\t\t<li class=\"modified-date\">\n\t\t\t\t\t\t\t\t<time class=\"updated\" datetime=\"2025-07-31T16:32:20+00:00\">\n\t\t\tJulio 31, 2025\t\t<\/time>\n\t\t\t\t\t\t\t<\/li>\n\n\t\t\t\t\t\n\t\t\t\t\t\t\t\t\t\t\t<li class=\"meta-author\">\n\t\t\t\t\t\t\t\t\t\t\t\t<span>By<\/span>\n\t\t\n\t\t\t\t\t<img src=\"https:\/\/myforbia.cl\/wp-content\/uploads\/2025\/07\/FORBIA-Logo-Fondos-04-2-copia-1.png\" width=\"32\" height=\"32\" srcset=\"https:\/\/myforbia.cl\/wp-content\/uploads\/2025\/07\/FORBIA-Logo-Fondos-04-2-copia-1.png 2x\" alt=\"Myforbia\" class=\"avatar avatar-32 wp-user-avatar wp-user-avatar-32 alignnone photo\" \/>\t\t\n\t\t<a href=\"https:\/\/myforbia.cl\" class=\"author\" rel=\"author\">Myforbia<\/a>\n\t\t\t\t\t\t\t\t<\/li>\n\t\t\t\t\t\n\t\t\t\t\t\n\t\t\t\t\t\t\t\t\t\t\t<li class=\"meta-reply\">\n\t\t\t\t\t\t\t<a href=\"https:\/\/myforbia.cl\/2025\/03\/11\/rocio-sanchez-aliaga-el-arte-debe-ser-de-todos-y-la-ciudadania-debe-sentirse-parte-de-el-no-solo-como-espectadora-sino-como-participante-activo\/#respond\"><span class=\"replies-count\">0<\/span> <span class=\"replies-count-label\">comments<\/span><\/a>\t\t\t\t\t\t<\/li>\n\t\t\t\t\t\t\t\t\t\t\t\t<\/ul>\n\t\t\t\t\t\t<\/div>\n\t\t\t\t\t\t\t\t\t<div class=\"hovered-social-icons wd-tltp\">\n\t\t\t\t\t\t<div class=\"tooltip top\">\n\t\t\t\t\t\t\t<div class=\"tooltip-arrow\"><\/div>\n\t\t\t\t\t\t\t<div class=\"tooltip-inner\">\n\t\t\t\t\t\t\t\t\t\t\t<div id=\"\" class=\" wd-social-icons wd-style-default wd-size-small social-share wd-shape-circle color-scheme-light text-center\">\n\t\t\t\t\n\t\t\t\t\n\t\t\t\t\t\t\t\t\t<a rel=\"noopener noreferrer nofollow\" href=\"https:\/\/www.facebook.com\/sharer\/sharer.php?u=https:\/\/myforbia.cl\/category\/tendencias\/\" target=\"_blank\" class=\" wd-social-icon social-facebook\" aria-label=\"Facebook social link\">\n\t\t\t\t\t\t<span class=\"wd-icon\"><\/span>\n\t\t\t\t\t\t\t\t\t\t\t<\/a>\n\t\t\t\t\n\t\t\t\t\t\t\t\t\t<a rel=\"noopener noreferrer nofollow\" href=\"https:\/\/x.com\/share?url=https:\/\/myforbia.cl\/category\/tendencias\/\" target=\"_blank\" class=\" wd-social-icon social-twitter\" aria-label=\"X social link\">\n\t\t\t\t\t\t<span class=\"wd-icon\"><\/span>\n\t\t\t\t\t\t\t\t\t\t\t<\/a>\n\t\t\t\t\n\t\t\t\t\n\t\t\t\t\n\t\t\t\t\n\t\t\t\t\t\t\t\t\t<a rel=\"noopener noreferrer nofollow\" href=\"https:\/\/pinterest.com\/pin\/create\/button\/?url=https:\/\/myforbia.cl\/category\/tendencias\/&media=https:\/\/myforbia.cl\/wp-content\/uploads\/2025\/03\/38b303ce-6c7e-4eea-be14-63515f52d54d-1.jpeg&description=Roc%C3%ADo+S%C3%A1nchez+Aliaga%3A+%26%238220%3BEl+arte+es+de+todos+y+debe+vivirse+activamente%2C+no+solo+observarse%26%238221%3B.\" target=\"_blank\" class=\" wd-social-icon social-pinterest\" aria-label=\"Pinterest social link\">\n\t\t\t\t\t\t<span class=\"wd-icon\"><\/span>\n\t\t\t\t\t\t\t\t\t\t\t<\/a>\n\t\t\t\t\n\t\t\t\t\n\t\t\t\t\t\t\t\t\t<a rel=\"noopener noreferrer nofollow\" href=\"https:\/\/www.linkedin.com\/shareArticle?mini=true&url=https:\/\/myforbia.cl\/category\/tendencias\/\" target=\"_blank\" class=\" wd-social-icon social-linkedin\" aria-label=\"Linkedin social link\">\n\t\t\t\t\t\t<span class=\"wd-icon\"><\/span>\n\t\t\t\t\t\t\t\t\t\t\t<\/a>\n\t\t\t\t\n\t\t\t\t\n\t\t\t\t\n\t\t\t\t\n\t\t\t\t\n\t\t\t\t\n\t\t\t\t\n\t\t\t\t\n\t\t\t\t\n\t\t\t\t\n\t\t\t\t\n\t\t\t\t\n\t\t\t\t\n\t\t\t\t\n\t\t\t\t\n\t\t\t\t\n\t\t\t\t\t\t\t\t\t<a rel=\"noopener noreferrer nofollow\" href=\"https:\/\/telegram.me\/share\/url?url=https:\/\/myforbia.cl\/category\/tendencias\/\" target=\"_blank\" class=\" wd-social-icon social-tg\" aria-label=\"Telegram social link\">\n\t\t\t\t\t\t<span class=\"wd-icon\"><\/span>\n\t\t\t\t\t\t\t\t\t\t\t<\/a>\n\t\t\t\t\n\t\t\t\t\n\t\t\t<\/div>\n\n\t\t\t\t\t\t\t\t\t<\/div>\n\t\t\t\t\t\t<\/div>\n\t\t\t\t\t<\/div>\n\t\t\t\t\t\t\t\n\t\t\t\t\t\t\t\t\t\t\t\t<div class=\"entry-content wd-post-desc\">\n\t\t\t\t\t\t<p>Por Tannya Millencka<\/p>\n\t\t\t\t\t<\/div>\n\t\t\t\t\n\t\t\t\t\t\t\t\t\t\t\t\t\t\t<p class=\"read-more-section\">\n\t\t\t\t\t\t<a class=\"btn-read-more more-link\" href=\"https:\/\/myforbia.cl\/2025\/03\/11\/rocio-sanchez-aliaga-el-arte-debe-ser-de-todos-y-la-ciudadania-debe-sentirse-parte-de-el-no-solo-como-espectadora-sino-como-participante-activo\/\">Continue reading<\/a>\t\t\t\t\t<\/p>\n\t\t\t\t\t\t\t\t\t\t\t\t\t<\/div>\n\t<\/div>\n<\/article>\n\n\t\t\t\t\t\n\t\t\t\t\t","status":"no-more-posts","nextPage":"?woo_ajax=1","currentPage":"https:\/\/myforbia.cl\/category\/tendencias\/page\/2"}