
			
				

					
				

			
		{"items":"\n\t\t\t\t\t\t\t\t\t\t\t\n<article id=\"post-17969\" class=\"wd-post blog-design-masonry blog-post-loop blog-style-bg wd-add-shadow wd-col post-17969 post type-post status-publish format-standard has-post-thumbnail hentry category-emprendimientos category-entrevistas\">\n\t<div class=\"article-inner\">\n\t\t<header class=\"entry-header\">\n\t\t\t\t\t\t\t<figure class=\"entry-thumbnail\">\n\t\t\t\t\t\t\t\t\t\t\t<div class=\"post-img-wrapp\">\n\t\t\t\t\t\t\t<a href=\"https:\/\/myforbia.cl\/2025\/11\/10\/cada-evento-es-una-historia-que-merece-ser-contada-la-historia-de-una-mujer-que-convierte-cada-detalle-en-experiencia\/\">\n\t\t\t\t\t\t\t\t<img width=\"1440\" height=\"2560\" src=\"https:\/\/myforbia.cl\/wp-content\/uploads\/2025\/11\/f5.jpg\" class=\"attachment-large size-large\" alt=\"\" decoding=\"async\" srcset=\"https:\/\/myforbia.cl\/wp-content\/uploads\/2025\/11\/f5.jpg 1440w, https:\/\/myforbia.cl\/wp-content\/uploads\/2025\/11\/f5-768x1365.jpg 768w, https:\/\/myforbia.cl\/wp-content\/uploads\/2025\/11\/f5-864x1536.jpg 864w, https:\/\/myforbia.cl\/wp-content\/uploads\/2025\/11\/f5-1152x2048.jpg 1152w, https:\/\/myforbia.cl\/wp-content\/uploads\/2025\/11\/f5-430x764.jpg 430w, https:\/\/myforbia.cl\/wp-content\/uploads\/2025\/11\/f5-700x1244.jpg 700w, https:\/\/myforbia.cl\/wp-content\/uploads\/2025\/11\/f5-150x267.jpg 150w\" sizes=\"(max-width: 1440px) 100vw, 1440px\" \/>\t\t\t\t\t\t\t<\/a>\n\t\t\t\t\t\t<\/div>\n\t\t\t\t\t\t<div class=\"post-image-mask\">\n\t\t\t\t\t\t\t<span><\/span>\n\t\t\t\t\t\t<\/div>\n\t\t\t\t\t\t\t\t\t<\/figure>\n\t\t\t\n\t\t\t\t\t\t<div class=\"wd-post-date wd-style-with-bg\">\n\t\t\t\t<span class=\"post-date-day\">\n\t\t\t\t\t10\t\t\t\t<\/span>\n\t\t\t\t<span class=\"post-date-month\">\n\t\t\t\t\tNov\t\t\t\t<\/span>\n\t\t\t<\/div>\n\t\t\t\t<\/header>\n\n\t\t<div class=\"article-body-container\">\n\t\t\t\t\t\t\t<div class=\"meta-categories-wrapp\">\n\t\t\t\t\t<div class=\"meta-post-categories wd-post-cat wd-style-with-bg\">\n\t\t\t\t\t\t<a href=\"https:\/\/myforbia.cl\/category\/empresas\/emprendimientos\/\" rel=\"category tag\">Emprendimientos<\/a>, <a href=\"https:\/\/myforbia.cl\/category\/entrevistas-y-columnas\/entrevistas\/\" rel=\"category tag\">Entrevistas<\/a>\t\t\t\t\t<\/div>\n\t\t\t\t<\/div>\n\t\t\t\n\t\t\t\t\t\t\t<h3 class=\"wd-entities-title title post-title\">\n\t\t\t\t\t<a href=\"https:\/\/myforbia.cl\/2025\/11\/10\/cada-evento-es-una-historia-que-merece-ser-contada-la-historia-de-una-mujer-que-convierte-cada-detalle-en-experiencia\/\" rel=\"bookmark\">Paula Lantadilla: \u201cCada evento merece ser contado\u201d.<\/a>\n\t\t\t\t<\/h3>\n\t\t\t\n\t\t\t\t\t\t\t<div class=\"entry-meta wd-entry-meta\">\n\t\t\t\t\t\t\t\t<ul class=\"entry-meta-list\">\n\t\t\t\t\t\t\t\t\t<li class=\"modified-date\">\n\t\t\t\t\t\t\t\t<time class=\"updated\" datetime=\"2025-11-27T12:51:28+00:00\">\n\t\t\tNoviembre 27, 2025\t\t<\/time>\n\t\t\t\t\t\t\t<\/li>\n\n\t\t\t\t\t\n\t\t\t\t\t\t\t\t\t\t\t<li class=\"meta-author\">\n\t\t\t\t\t\t\t\t\t\t\t\t<span>By<\/span>\n\t\t\n\t\t\t\t\t<img src=\"https:\/\/myforbia.cl\/wp-content\/uploads\/2025\/07\/FORBIA-Logo-Fondos-04-2-copia-1.png\" width=\"32\" height=\"32\" srcset=\"https:\/\/myforbia.cl\/wp-content\/uploads\/2025\/07\/FORBIA-Logo-Fondos-04-2-copia-1.png 2x\" alt=\"Myforbia\" class=\"avatar avatar-32 wp-user-avatar wp-user-avatar-32 alignnone photo\" \/>\t\t\n\t\t<a href=\"https:\/\/myforbia.cl\" class=\"author\" rel=\"author\">Myforbia<\/a>\n\t\t\t\t\t\t\t\t<\/li>\n\t\t\t\t\t\n\t\t\t\t\t\n\t\t\t\t\t\t\t\t\t\t\t<li class=\"meta-reply\">\n\t\t\t\t\t\t\t<a href=\"https:\/\/myforbia.cl\/2025\/11\/10\/cada-evento-es-una-historia-que-merece-ser-contada-la-historia-de-una-mujer-que-convierte-cada-detalle-en-experiencia\/#respond\"><span class=\"replies-count\">0<\/span> <span class=\"replies-count-label\">comments<\/span><\/a>\t\t\t\t\t\t<\/li>\n\t\t\t\t\t\t\t\t\t\t\t\t<\/ul>\n\t\t\t\t\t\t<\/div>\n\t\t\t\t\t\t\t\t\t<div class=\"hovered-social-icons wd-tltp\">\n\t\t\t\t\t\t<div class=\"tooltip top\">\n\t\t\t\t\t\t\t<div class=\"tooltip-arrow\"><\/div>\n\t\t\t\t\t\t\t<div class=\"tooltip-inner\">\n\t\t\t\t\t\t\t\t\t\t\t<link rel=\"stylesheet\" id=\"wd-social-icons-css\" href=\"https:\/\/myforbia.cl\/wp-content\/themes\/woodmart\/css\/parts\/el-social-icons.min.css?ver=8.0.0\" type=\"text\/css\" media=\"all\" \/> \t\t\t\t\t\t<div id=\"\" class=\" wd-social-icons wd-style-default wd-size-small social-share wd-shape-circle color-scheme-light text-center\">\n\t\t\t\t\n\t\t\t\t\n\t\t\t\t\t\t\t\t\t<a rel=\"noopener noreferrer nofollow\" href=\"https:\/\/www.facebook.com\/sharer\/sharer.php?u=https:\/\/myforbia.cl\/category\/entrevistas-y-columnas\/\" target=\"_blank\" class=\" wd-social-icon social-facebook\" aria-label=\"Facebook social link\">\n\t\t\t\t\t\t<span class=\"wd-icon\"><\/span>\n\t\t\t\t\t\t\t\t\t\t\t<\/a>\n\t\t\t\t\n\t\t\t\t\t\t\t\t\t<a rel=\"noopener noreferrer nofollow\" href=\"https:\/\/x.com\/share?url=https:\/\/myforbia.cl\/category\/entrevistas-y-columnas\/\" target=\"_blank\" class=\" wd-social-icon social-twitter\" aria-label=\"X social link\">\n\t\t\t\t\t\t<span class=\"wd-icon\"><\/span>\n\t\t\t\t\t\t\t\t\t\t\t<\/a>\n\t\t\t\t\n\t\t\t\t\n\t\t\t\t\n\t\t\t\t\n\t\t\t\t\t\t\t\t\t<a rel=\"noopener noreferrer nofollow\" href=\"https:\/\/pinterest.com\/pin\/create\/button\/?url=https:\/\/myforbia.cl\/category\/entrevistas-y-columnas\/&media=https:\/\/myforbia.cl\/wp-content\/uploads\/2025\/11\/f5.jpg&description=Paula+Lantadilla%3A+%E2%80%9CCada+evento+merece+ser+contado%E2%80%9D.\" target=\"_blank\" class=\" wd-social-icon social-pinterest\" aria-label=\"Pinterest social link\">\n\t\t\t\t\t\t<span class=\"wd-icon\"><\/span>\n\t\t\t\t\t\t\t\t\t\t\t<\/a>\n\t\t\t\t\n\t\t\t\t\n\t\t\t\t\t\t\t\t\t<a rel=\"noopener noreferrer nofollow\" href=\"https:\/\/www.linkedin.com\/shareArticle?mini=true&url=https:\/\/myforbia.cl\/category\/entrevistas-y-columnas\/\" target=\"_blank\" class=\" wd-social-icon social-linkedin\" aria-label=\"Linkedin social link\">\n\t\t\t\t\t\t<span class=\"wd-icon\"><\/span>\n\t\t\t\t\t\t\t\t\t\t\t<\/a>\n\t\t\t\t\n\t\t\t\t\n\t\t\t\t\n\t\t\t\t\n\t\t\t\t\n\t\t\t\t\n\t\t\t\t\n\t\t\t\t\n\t\t\t\t\n\t\t\t\t\n\t\t\t\t\n\t\t\t\t\n\t\t\t\t\n\t\t\t\t\n\t\t\t\t\n\t\t\t\t\n\t\t\t\t\t\t\t\t\t<a rel=\"noopener noreferrer nofollow\" href=\"https:\/\/telegram.me\/share\/url?url=https:\/\/myforbia.cl\/category\/entrevistas-y-columnas\/\" target=\"_blank\" class=\" wd-social-icon social-tg\" aria-label=\"Telegram social link\">\n\t\t\t\t\t\t<span class=\"wd-icon\"><\/span>\n\t\t\t\t\t\t\t\t\t\t\t<\/a>\n\t\t\t\t\n\t\t\t\t\n\t\t\t<\/div>\n\n\t\t\t\t\t\t\t\t\t<\/div>\n\t\t\t\t\t\t<\/div>\n\t\t\t\t\t<\/div>\n\t\t\t\t\t\t\t\n\t\t\t\t\t\t\t\t\t\t\t\t<div class=\"entry-content wd-post-desc\">\n\t\t\t\t\t\tSer periodista no siempre significa estar detr\u00e1s de un escritorio o frente a una c\u00e1mara. Para Paula Lantadilla, tambi\u00e9n significa aprender a contar historias\u2026 incluso en un plato de comida...\t\t\t\t\t<\/div>\n\t\t\t\t\n\t\t\t\t\t\t\t\t\t\t\t\t\t\t<p class=\"read-more-section\">\n\t\t\t\t\t\t<a class=\"btn-read-more more-link\" href=\"https:\/\/myforbia.cl\/2025\/11\/10\/cada-evento-es-una-historia-que-merece-ser-contada-la-historia-de-una-mujer-que-convierte-cada-detalle-en-experiencia\/\">Continue reading<\/a>\t\t\t\t\t<\/p>\n\t\t\t\t\t\t\t\t\t\t\t\t\t<\/div>\n\t<\/div>\n<\/article>\n\n\t\t\t\t\t\t\t\t\t\t\t\n<article id=\"post-17963\" class=\"wd-post blog-design-masonry blog-post-loop blog-style-bg wd-add-shadow wd-col post-17963 post type-post status-publish format-standard has-post-thumbnail hentry category-entrevistas category-entrevistas-y-columnas\">\n\t<div class=\"article-inner\">\n\t\t<header class=\"entry-header\">\n\t\t\t\t\t\t\t<figure class=\"entry-thumbnail\">\n\t\t\t\t\t\t\t\t\t\t\t<div class=\"post-img-wrapp\">\n\t\t\t\t\t\t\t<a href=\"https:\/\/myforbia.cl\/2025\/11\/10\/sofia-gonzalez-los-ninos-y-ninas-de-hoy-son-los-adultos-inclusivos-del-manana\/\">\n\t\t\t\t\t\t\t\t<img width=\"1280\" height=\"1920\" src=\"https:\/\/myforbia.cl\/wp-content\/uploads\/2025\/11\/DSC8521.jpg\" class=\"attachment-large size-large\" alt=\"\" decoding=\"async\" srcset=\"https:\/\/myforbia.cl\/wp-content\/uploads\/2025\/11\/DSC8521.jpg 1280w, https:\/\/myforbia.cl\/wp-content\/uploads\/2025\/11\/DSC8521-768x1152.jpg 768w, https:\/\/myforbia.cl\/wp-content\/uploads\/2025\/11\/DSC8521-1024x1536.jpg 1024w, https:\/\/myforbia.cl\/wp-content\/uploads\/2025\/11\/DSC8521-430x645.jpg 430w, https:\/\/myforbia.cl\/wp-content\/uploads\/2025\/11\/DSC8521-700x1050.jpg 700w, https:\/\/myforbia.cl\/wp-content\/uploads\/2025\/11\/DSC8521-150x225.jpg 150w\" sizes=\"(max-width: 1280px) 100vw, 1280px\" \/>\t\t\t\t\t\t\t<\/a>\n\t\t\t\t\t\t<\/div>\n\t\t\t\t\t\t<div class=\"post-image-mask\">\n\t\t\t\t\t\t\t<span><\/span>\n\t\t\t\t\t\t<\/div>\n\t\t\t\t\t\t\t\t\t<\/figure>\n\t\t\t\n\t\t\t\t\t\t<div class=\"wd-post-date wd-style-with-bg\">\n\t\t\t\t<span class=\"post-date-day\">\n\t\t\t\t\t10\t\t\t\t<\/span>\n\t\t\t\t<span class=\"post-date-month\">\n\t\t\t\t\tNov\t\t\t\t<\/span>\n\t\t\t<\/div>\n\t\t\t\t<\/header>\n\n\t\t<div class=\"article-body-container\">\n\t\t\t\t\t\t\t<div class=\"meta-categories-wrapp\">\n\t\t\t\t\t<div class=\"meta-post-categories wd-post-cat wd-style-with-bg\">\n\t\t\t\t\t\t<a href=\"https:\/\/myforbia.cl\/category\/entrevistas-y-columnas\/entrevistas\/\" rel=\"category tag\">Entrevistas<\/a>, <a href=\"https:\/\/myforbia.cl\/category\/entrevistas-y-columnas\/\" rel=\"category tag\">ENTREVISTAS Y COLUMNAS<\/a>\t\t\t\t\t<\/div>\n\t\t\t\t<\/div>\n\t\t\t\n\t\t\t\t\t\t\t<h3 class=\"wd-entities-title title post-title\">\n\t\t\t\t\t<a href=\"https:\/\/myforbia.cl\/2025\/11\/10\/sofia-gonzalez-los-ninos-y-ninas-de-hoy-son-los-adultos-inclusivos-del-manana\/\" rel=\"bookmark\">Sof\u00eda Gonz\u00e1lez: \u201cLos ni\u00f1os y ni\u00f1as de hoy son los adultos inclusivos del ma\u00f1ana\u201d.<\/a>\n\t\t\t\t<\/h3>\n\t\t\t\n\t\t\t\t\t\t\t<div class=\"entry-meta wd-entry-meta\">\n\t\t\t\t\t\t\t\t<ul class=\"entry-meta-list\">\n\t\t\t\t\t\t\t\t\t<li class=\"modified-date\">\n\t\t\t\t\t\t\t\t<time class=\"updated\" datetime=\"2025-11-10T22:33:50+00:00\">\n\t\t\tNoviembre 10, 2025\t\t<\/time>\n\t\t\t\t\t\t\t<\/li>\n\n\t\t\t\t\t\n\t\t\t\t\t\t\t\t\t\t\t<li class=\"meta-author\">\n\t\t\t\t\t\t\t\t\t\t\t\t<span>By<\/span>\n\t\t\n\t\t\t\t\t<img src=\"https:\/\/myforbia.cl\/wp-content\/uploads\/2025\/07\/FORBIA-Logo-Fondos-04-2-copia-1.png\" width=\"32\" height=\"32\" srcset=\"https:\/\/myforbia.cl\/wp-content\/uploads\/2025\/07\/FORBIA-Logo-Fondos-04-2-copia-1.png 2x\" alt=\"Myforbia\" class=\"avatar avatar-32 wp-user-avatar wp-user-avatar-32 alignnone photo\" \/>\t\t\n\t\t<a href=\"https:\/\/myforbia.cl\" class=\"author\" rel=\"author\">Myforbia<\/a>\n\t\t\t\t\t\t\t\t<\/li>\n\t\t\t\t\t\n\t\t\t\t\t\n\t\t\t\t\t\t\t\t\t\t\t<li class=\"meta-reply\">\n\t\t\t\t\t\t\t<a href=\"https:\/\/myforbia.cl\/2025\/11\/10\/sofia-gonzalez-los-ninos-y-ninas-de-hoy-son-los-adultos-inclusivos-del-manana\/#respond\"><span class=\"replies-count\">0<\/span> <span class=\"replies-count-label\">comments<\/span><\/a>\t\t\t\t\t\t<\/li>\n\t\t\t\t\t\t\t\t\t\t\t\t<\/ul>\n\t\t\t\t\t\t<\/div>\n\t\t\t\t\t\t\t\t\t<div class=\"hovered-social-icons wd-tltp\">\n\t\t\t\t\t\t<div class=\"tooltip top\">\n\t\t\t\t\t\t\t<div class=\"tooltip-arrow\"><\/div>\n\t\t\t\t\t\t\t<div class=\"tooltip-inner\">\n\t\t\t\t\t\t\t\t\t\t\t<div id=\"\" class=\" wd-social-icons wd-style-default wd-size-small social-share wd-shape-circle color-scheme-light text-center\">\n\t\t\t\t\n\t\t\t\t\n\t\t\t\t\t\t\t\t\t<a rel=\"noopener noreferrer nofollow\" href=\"https:\/\/www.facebook.com\/sharer\/sharer.php?u=https:\/\/myforbia.cl\/category\/entrevistas-y-columnas\/\" target=\"_blank\" class=\" wd-social-icon social-facebook\" aria-label=\"Facebook social link\">\n\t\t\t\t\t\t<span class=\"wd-icon\"><\/span>\n\t\t\t\t\t\t\t\t\t\t\t<\/a>\n\t\t\t\t\n\t\t\t\t\t\t\t\t\t<a rel=\"noopener noreferrer nofollow\" href=\"https:\/\/x.com\/share?url=https:\/\/myforbia.cl\/category\/entrevistas-y-columnas\/\" target=\"_blank\" class=\" wd-social-icon social-twitter\" aria-label=\"X social link\">\n\t\t\t\t\t\t<span class=\"wd-icon\"><\/span>\n\t\t\t\t\t\t\t\t\t\t\t<\/a>\n\t\t\t\t\n\t\t\t\t\n\t\t\t\t\n\t\t\t\t\n\t\t\t\t\t\t\t\t\t<a rel=\"noopener noreferrer nofollow\" href=\"https:\/\/pinterest.com\/pin\/create\/button\/?url=https:\/\/myforbia.cl\/category\/entrevistas-y-columnas\/&media=https:\/\/myforbia.cl\/wp-content\/uploads\/2025\/11\/DSC8521.jpg&description=Sof%C3%ADa+Gonz%C3%A1lez%3A+%E2%80%9CLos+ni%C3%B1os+y+ni%C3%B1as+de+hoy+son+los+adultos+inclusivos+del+ma%C3%B1ana%E2%80%9D.\" target=\"_blank\" class=\" wd-social-icon social-pinterest\" aria-label=\"Pinterest social link\">\n\t\t\t\t\t\t<span class=\"wd-icon\"><\/span>\n\t\t\t\t\t\t\t\t\t\t\t<\/a>\n\t\t\t\t\n\t\t\t\t\n\t\t\t\t\t\t\t\t\t<a rel=\"noopener noreferrer nofollow\" href=\"https:\/\/www.linkedin.com\/shareArticle?mini=true&url=https:\/\/myforbia.cl\/category\/entrevistas-y-columnas\/\" target=\"_blank\" class=\" wd-social-icon social-linkedin\" aria-label=\"Linkedin social link\">\n\t\t\t\t\t\t<span class=\"wd-icon\"><\/span>\n\t\t\t\t\t\t\t\t\t\t\t<\/a>\n\t\t\t\t\n\t\t\t\t\n\t\t\t\t\n\t\t\t\t\n\t\t\t\t\n\t\t\t\t\n\t\t\t\t\n\t\t\t\t\n\t\t\t\t\n\t\t\t\t\n\t\t\t\t\n\t\t\t\t\n\t\t\t\t\n\t\t\t\t\n\t\t\t\t\n\t\t\t\t\n\t\t\t\t\t\t\t\t\t<a rel=\"noopener noreferrer nofollow\" href=\"https:\/\/telegram.me\/share\/url?url=https:\/\/myforbia.cl\/category\/entrevistas-y-columnas\/\" target=\"_blank\" class=\" wd-social-icon social-tg\" aria-label=\"Telegram social link\">\n\t\t\t\t\t\t<span class=\"wd-icon\"><\/span>\n\t\t\t\t\t\t\t\t\t\t\t<\/a>\n\t\t\t\t\n\t\t\t\t\n\t\t\t<\/div>\n\n\t\t\t\t\t\t\t\t\t<\/div>\n\t\t\t\t\t\t<\/div>\n\t\t\t\t\t<\/div>\n\t\t\t\t\t\t\t\n\t\t\t\t\t\t\t\t\t\t\t\t<div class=\"entry-content wd-post-desc\">\n\t\t\t\t\t\tSof\u00eda Gonz\u00e1lez lleg\u00f3 a nuestra revista para plantar una gran idea. La educadora de p\u00e1rvulos de 33 a\u00f1os ha tenido siempre una meta espec\u00edfica: hacer que m\u00e1s personas tengan conciencia...\t\t\t\t\t<\/div>\n\t\t\t\t\n\t\t\t\t\t\t\t\t\t\t\t\t\t\t<p class=\"read-more-section\">\n\t\t\t\t\t\t<a class=\"btn-read-more more-link\" href=\"https:\/\/myforbia.cl\/2025\/11\/10\/sofia-gonzalez-los-ninos-y-ninas-de-hoy-son-los-adultos-inclusivos-del-manana\/\">Continue reading<\/a>\t\t\t\t\t<\/p>\n\t\t\t\t\t\t\t\t\t\t\t\t\t<\/div>\n\t<\/div>\n<\/article>\n\n\t\t\t\t\t\t\t\t\t\t\t\n<article id=\"post-17950\" class=\"wd-post blog-design-masonry blog-post-loop blog-style-bg wd-add-shadow wd-col post-17950 post type-post status-publish format-standard has-post-thumbnail hentry category-empresarios-destacados category-entrevistas\">\n\t<div class=\"article-inner\">\n\t\t<header class=\"entry-header\">\n\t\t\t\t\t\t\t<figure class=\"entry-thumbnail\">\n\t\t\t\t\t\t\t\t\t\t\t<div class=\"post-img-wrapp\">\n\t\t\t\t\t\t\t<a href=\"https:\/\/myforbia.cl\/2025\/11\/06\/sastreria-cavaliere-53-anos-de-exclusividad-medio-siglo-vistiendo-a-los-chilenos\/\">\n\t\t\t\t\t\t\t\t<img width=\"1707\" height=\"2560\" src=\"https:\/\/myforbia.cl\/wp-content\/uploads\/2025\/11\/Forbia3_040.jpg\" class=\"attachment-large size-large\" alt=\"\" decoding=\"async\" srcset=\"https:\/\/myforbia.cl\/wp-content\/uploads\/2025\/11\/Forbia3_040.jpg 1707w, https:\/\/myforbia.cl\/wp-content\/uploads\/2025\/11\/Forbia3_040-768x1152.jpg 768w, https:\/\/myforbia.cl\/wp-content\/uploads\/2025\/11\/Forbia3_040-1024x1536.jpg 1024w, https:\/\/myforbia.cl\/wp-content\/uploads\/2025\/11\/Forbia3_040-1366x2048.jpg 1366w, https:\/\/myforbia.cl\/wp-content\/uploads\/2025\/11\/Forbia3_040-430x645.jpg 430w, https:\/\/myforbia.cl\/wp-content\/uploads\/2025\/11\/Forbia3_040-700x1050.jpg 700w, https:\/\/myforbia.cl\/wp-content\/uploads\/2025\/11\/Forbia3_040-150x225.jpg 150w\" sizes=\"(max-width: 1707px) 100vw, 1707px\" \/>\t\t\t\t\t\t\t<\/a>\n\t\t\t\t\t\t<\/div>\n\t\t\t\t\t\t<div class=\"post-image-mask\">\n\t\t\t\t\t\t\t<span><\/span>\n\t\t\t\t\t\t<\/div>\n\t\t\t\t\t\t\t\t\t<\/figure>\n\t\t\t\n\t\t\t\t\t\t<div class=\"wd-post-date wd-style-with-bg\">\n\t\t\t\t<span class=\"post-date-day\">\n\t\t\t\t\t06\t\t\t\t<\/span>\n\t\t\t\t<span class=\"post-date-month\">\n\t\t\t\t\tNov\t\t\t\t<\/span>\n\t\t\t<\/div>\n\t\t\t\t<\/header>\n\n\t\t<div class=\"article-body-container\">\n\t\t\t\t\t\t\t<div class=\"meta-categories-wrapp\">\n\t\t\t\t\t<div class=\"meta-post-categories wd-post-cat wd-style-with-bg\">\n\t\t\t\t\t\t<a href=\"https:\/\/myforbia.cl\/category\/empresas\/empresarios-destacados\/\" rel=\"category tag\">Empresarios destacados<\/a>, <a href=\"https:\/\/myforbia.cl\/category\/entrevistas-y-columnas\/entrevistas\/\" rel=\"category tag\">Entrevistas<\/a>\t\t\t\t\t<\/div>\n\t\t\t\t<\/div>\n\t\t\t\n\t\t\t\t\t\t\t<h3 class=\"wd-entities-title title post-title\">\n\t\t\t\t\t<a href=\"https:\/\/myforbia.cl\/2025\/11\/06\/sastreria-cavaliere-53-anos-de-exclusividad-medio-siglo-vistiendo-a-los-chilenos\/\" rel=\"bookmark\">Sastrer\u00eda Cavaliere: 53 a\u00f1os de exclusividad, medio siglo vistiendo a los chilenos.<\/a>\n\t\t\t\t<\/h3>\n\t\t\t\n\t\t\t\t\t\t\t<div class=\"entry-meta wd-entry-meta\">\n\t\t\t\t\t\t\t\t<ul class=\"entry-meta-list\">\n\t\t\t\t\t\t\t\t\t<li class=\"modified-date\">\n\t\t\t\t\t\t\t\t<time class=\"updated\" datetime=\"2025-11-07T11:53:10+00:00\">\n\t\t\tNoviembre 7, 2025\t\t<\/time>\n\t\t\t\t\t\t\t<\/li>\n\n\t\t\t\t\t\n\t\t\t\t\t\t\t\t\t\t\t<li class=\"meta-author\">\n\t\t\t\t\t\t\t\t\t\t\t\t<span>By<\/span>\n\t\t\n\t\t\t\t\t<img src=\"https:\/\/myforbia.cl\/wp-content\/uploads\/2025\/07\/FORBIA-Logo-Fondos-04-2-copia-1.png\" width=\"32\" height=\"32\" srcset=\"https:\/\/myforbia.cl\/wp-content\/uploads\/2025\/07\/FORBIA-Logo-Fondos-04-2-copia-1.png 2x\" alt=\"Myforbia\" class=\"avatar avatar-32 wp-user-avatar wp-user-avatar-32 alignnone photo\" \/>\t\t\n\t\t<a href=\"https:\/\/myforbia.cl\" class=\"author\" rel=\"author\">Myforbia<\/a>\n\t\t\t\t\t\t\t\t<\/li>\n\t\t\t\t\t\n\t\t\t\t\t\n\t\t\t\t\t\t\t\t\t\t\t<li class=\"meta-reply\">\n\t\t\t\t\t\t\t<a href=\"https:\/\/myforbia.cl\/2025\/11\/06\/sastreria-cavaliere-53-anos-de-exclusividad-medio-siglo-vistiendo-a-los-chilenos\/#respond\"><span class=\"replies-count\">0<\/span> <span class=\"replies-count-label\">comments<\/span><\/a>\t\t\t\t\t\t<\/li>\n\t\t\t\t\t\t\t\t\t\t\t\t<\/ul>\n\t\t\t\t\t\t<\/div>\n\t\t\t\t\t\t\t\t\t<div class=\"hovered-social-icons wd-tltp\">\n\t\t\t\t\t\t<div class=\"tooltip top\">\n\t\t\t\t\t\t\t<div class=\"tooltip-arrow\"><\/div>\n\t\t\t\t\t\t\t<div class=\"tooltip-inner\">\n\t\t\t\t\t\t\t\t\t\t\t<div id=\"\" class=\" wd-social-icons wd-style-default wd-size-small social-share wd-shape-circle color-scheme-light text-center\">\n\t\t\t\t\n\t\t\t\t\n\t\t\t\t\t\t\t\t\t<a rel=\"noopener noreferrer nofollow\" href=\"https:\/\/www.facebook.com\/sharer\/sharer.php?u=https:\/\/myforbia.cl\/category\/entrevistas-y-columnas\/\" target=\"_blank\" class=\" wd-social-icon social-facebook\" aria-label=\"Facebook social link\">\n\t\t\t\t\t\t<span class=\"wd-icon\"><\/span>\n\t\t\t\t\t\t\t\t\t\t\t<\/a>\n\t\t\t\t\n\t\t\t\t\t\t\t\t\t<a rel=\"noopener noreferrer nofollow\" href=\"https:\/\/x.com\/share?url=https:\/\/myforbia.cl\/category\/entrevistas-y-columnas\/\" target=\"_blank\" class=\" wd-social-icon social-twitter\" aria-label=\"X social link\">\n\t\t\t\t\t\t<span class=\"wd-icon\"><\/span>\n\t\t\t\t\t\t\t\t\t\t\t<\/a>\n\t\t\t\t\n\t\t\t\t\n\t\t\t\t\n\t\t\t\t\n\t\t\t\t\t\t\t\t\t<a rel=\"noopener noreferrer nofollow\" href=\"https:\/\/pinterest.com\/pin\/create\/button\/?url=https:\/\/myforbia.cl\/category\/entrevistas-y-columnas\/&media=https:\/\/myforbia.cl\/wp-content\/uploads\/2025\/11\/Forbia3_040.jpg&description=Sastrer%C3%ADa+Cavaliere%3A+53+a%C3%B1os+de+exclusividad%2C+medio+siglo+vistiendo+a+los+chilenos.\" target=\"_blank\" class=\" wd-social-icon social-pinterest\" aria-label=\"Pinterest social link\">\n\t\t\t\t\t\t<span class=\"wd-icon\"><\/span>\n\t\t\t\t\t\t\t\t\t\t\t<\/a>\n\t\t\t\t\n\t\t\t\t\n\t\t\t\t\t\t\t\t\t<a rel=\"noopener noreferrer nofollow\" href=\"https:\/\/www.linkedin.com\/shareArticle?mini=true&url=https:\/\/myforbia.cl\/category\/entrevistas-y-columnas\/\" target=\"_blank\" class=\" wd-social-icon social-linkedin\" aria-label=\"Linkedin social link\">\n\t\t\t\t\t\t<span class=\"wd-icon\"><\/span>\n\t\t\t\t\t\t\t\t\t\t\t<\/a>\n\t\t\t\t\n\t\t\t\t\n\t\t\t\t\n\t\t\t\t\n\t\t\t\t\n\t\t\t\t\n\t\t\t\t\n\t\t\t\t\n\t\t\t\t\n\t\t\t\t\n\t\t\t\t\n\t\t\t\t\n\t\t\t\t\n\t\t\t\t\n\t\t\t\t\n\t\t\t\t\n\t\t\t\t\t\t\t\t\t<a rel=\"noopener noreferrer nofollow\" href=\"https:\/\/telegram.me\/share\/url?url=https:\/\/myforbia.cl\/category\/entrevistas-y-columnas\/\" target=\"_blank\" class=\" wd-social-icon social-tg\" aria-label=\"Telegram social link\">\n\t\t\t\t\t\t<span class=\"wd-icon\"><\/span>\n\t\t\t\t\t\t\t\t\t\t\t<\/a>\n\t\t\t\t\n\t\t\t\t\n\t\t\t<\/div>\n\n\t\t\t\t\t\t\t\t\t<\/div>\n\t\t\t\t\t\t<\/div>\n\t\t\t\t\t<\/div>\n\t\t\t\t\t\t\t\n\t\t\t\t\t\t\t\t\t\t\t\t<div class=\"entry-content wd-post-desc\">\n\t\t\t\t\t\tEn esta oportunidad hemos conversado con el due\u00f1o de una de las ic\u00f3nicas sastrer\u00edas del centro de Santiago, Daniel Cancino, quien ha vestido a varias celebridades de la televisi\u00f3n chilena....\t\t\t\t\t<\/div>\n\t\t\t\t\n\t\t\t\t\t\t\t\t\t\t\t\t\t\t<p class=\"read-more-section\">\n\t\t\t\t\t\t<a class=\"btn-read-more more-link\" href=\"https:\/\/myforbia.cl\/2025\/11\/06\/sastreria-cavaliere-53-anos-de-exclusividad-medio-siglo-vistiendo-a-los-chilenos\/\">Continue reading<\/a>\t\t\t\t\t<\/p>\n\t\t\t\t\t\t\t\t\t\t\t\t\t<\/div>\n\t<\/div>\n<\/article>\n\n\t\t\t\t\t\t\t\t\t\t\t\n<article id=\"post-17942\" class=\"wd-post blog-design-masonry blog-post-loop blog-style-bg wd-add-shadow wd-col post-17942 post type-post status-publish format-standard has-post-thumbnail hentry category-columnas category-entrevistas-y-columnas category-panoramas category-tendencias\">\n\t<div class=\"article-inner\">\n\t\t<header class=\"entry-header\">\n\t\t\t\t\t\t\t<figure class=\"entry-thumbnail\">\n\t\t\t\t\t\t\t\t\t\t\t<div class=\"post-img-wrapp\">\n\t\t\t\t\t\t\t<a href=\"https:\/\/myforbia.cl\/2025\/10\/14\/la-capital-de-un-imperio-que-nunca-existio\/\">\n\t\t\t\t\t\t\t\t<img width=\"1707\" height=\"2560\" src=\"https:\/\/myforbia.cl\/wp-content\/uploads\/2025\/10\/nicolas-flor-SmT94YiASjM-unsplash.jpg\" class=\"attachment-large size-large\" alt=\"\" decoding=\"async\" srcset=\"https:\/\/myforbia.cl\/wp-content\/uploads\/2025\/10\/nicolas-flor-SmT94YiASjM-unsplash.jpg 1707w, https:\/\/myforbia.cl\/wp-content\/uploads\/2025\/10\/nicolas-flor-SmT94YiASjM-unsplash-768x1152.jpg 768w, https:\/\/myforbia.cl\/wp-content\/uploads\/2025\/10\/nicolas-flor-SmT94YiASjM-unsplash-1024x1536.jpg 1024w, https:\/\/myforbia.cl\/wp-content\/uploads\/2025\/10\/nicolas-flor-SmT94YiASjM-unsplash-1366x2048.jpg 1366w, https:\/\/myforbia.cl\/wp-content\/uploads\/2025\/10\/nicolas-flor-SmT94YiASjM-unsplash-430x645.jpg 430w, https:\/\/myforbia.cl\/wp-content\/uploads\/2025\/10\/nicolas-flor-SmT94YiASjM-unsplash-700x1050.jpg 700w, https:\/\/myforbia.cl\/wp-content\/uploads\/2025\/10\/nicolas-flor-SmT94YiASjM-unsplash-150x225.jpg 150w\" sizes=\"(max-width: 1707px) 100vw, 1707px\" \/>\t\t\t\t\t\t\t<\/a>\n\t\t\t\t\t\t<\/div>\n\t\t\t\t\t\t<div class=\"post-image-mask\">\n\t\t\t\t\t\t\t<span><\/span>\n\t\t\t\t\t\t<\/div>\n\t\t\t\t\t\t\t\t\t<\/figure>\n\t\t\t\n\t\t\t\t\t\t<div class=\"wd-post-date wd-style-with-bg\">\n\t\t\t\t<span class=\"post-date-day\">\n\t\t\t\t\t14\t\t\t\t<\/span>\n\t\t\t\t<span class=\"post-date-month\">\n\t\t\t\t\tOct\t\t\t\t<\/span>\n\t\t\t<\/div>\n\t\t\t\t<\/header>\n\n\t\t<div class=\"article-body-container\">\n\t\t\t\t\t\t\t<div class=\"meta-categories-wrapp\">\n\t\t\t\t\t<div class=\"meta-post-categories wd-post-cat wd-style-with-bg\">\n\t\t\t\t\t\t<a href=\"https:\/\/myforbia.cl\/category\/entrevistas-y-columnas\/columnas\/\" rel=\"category tag\">Columnas<\/a>, <a href=\"https:\/\/myforbia.cl\/category\/entrevistas-y-columnas\/\" rel=\"category tag\">ENTREVISTAS Y COLUMNAS<\/a>, <a href=\"https:\/\/myforbia.cl\/category\/tendencias\/panoramas\/\" rel=\"category tag\">Panoramas<\/a>, <a href=\"https:\/\/myforbia.cl\/category\/tendencias\/\" rel=\"category tag\">TENDENCIAS<\/a>\t\t\t\t\t<\/div>\n\t\t\t\t<\/div>\n\t\t\t\n\t\t\t\t\t\t\t<h3 class=\"wd-entities-title title post-title\">\n\t\t\t\t\t<a href=\"https:\/\/myforbia.cl\/2025\/10\/14\/la-capital-de-un-imperio-que-nunca-existio\/\" rel=\"bookmark\">La capital de un imperio que nunca existi\u00f3<\/a>\n\t\t\t\t<\/h3>\n\t\t\t\n\t\t\t\t\t\t\t<div class=\"entry-meta wd-entry-meta\">\n\t\t\t\t\t\t\t\t<ul class=\"entry-meta-list\">\n\t\t\t\t\t\t\t\t\t<li class=\"modified-date\">\n\t\t\t\t\t\t\t\t<time class=\"updated\" datetime=\"2025-10-14T23:08:08+00:00\">\n\t\t\tOctubre 14, 2025\t\t<\/time>\n\t\t\t\t\t\t\t<\/li>\n\n\t\t\t\t\t\n\t\t\t\t\t\t\t\t\t\t\t<li class=\"meta-author\">\n\t\t\t\t\t\t\t\t\t\t\t\t<span>By<\/span>\n\t\t\n\t\t\t\t\t<img src=\"https:\/\/myforbia.cl\/wp-content\/uploads\/2025\/07\/FORBIA-Logo-Fondos-04-2-copia-1.png\" width=\"32\" height=\"32\" srcset=\"https:\/\/myforbia.cl\/wp-content\/uploads\/2025\/07\/FORBIA-Logo-Fondos-04-2-copia-1.png 2x\" alt=\"Myforbia\" class=\"avatar avatar-32 wp-user-avatar wp-user-avatar-32 alignnone photo\" \/>\t\t\n\t\t<a href=\"https:\/\/myforbia.cl\" class=\"author\" rel=\"author\">Myforbia<\/a>\n\t\t\t\t\t\t\t\t<\/li>\n\t\t\t\t\t\n\t\t\t\t\t\n\t\t\t\t\t\t\t\t\t\t\t<li class=\"meta-reply\">\n\t\t\t\t\t\t\t<a href=\"https:\/\/myforbia.cl\/2025\/10\/14\/la-capital-de-un-imperio-que-nunca-existio\/#respond\"><span class=\"replies-count\">0<\/span> <span class=\"replies-count-label\">comments<\/span><\/a>\t\t\t\t\t\t<\/li>\n\t\t\t\t\t\t\t\t\t\t\t\t<\/ul>\n\t\t\t\t\t\t<\/div>\n\t\t\t\t\t\t\t\t\t<div class=\"hovered-social-icons wd-tltp\">\n\t\t\t\t\t\t<div class=\"tooltip top\">\n\t\t\t\t\t\t\t<div class=\"tooltip-arrow\"><\/div>\n\t\t\t\t\t\t\t<div class=\"tooltip-inner\">\n\t\t\t\t\t\t\t\t\t\t\t<div id=\"\" class=\" wd-social-icons wd-style-default wd-size-small social-share wd-shape-circle color-scheme-light text-center\">\n\t\t\t\t\n\t\t\t\t\n\t\t\t\t\t\t\t\t\t<a rel=\"noopener noreferrer nofollow\" href=\"https:\/\/www.facebook.com\/sharer\/sharer.php?u=https:\/\/myforbia.cl\/category\/entrevistas-y-columnas\/\" target=\"_blank\" class=\" wd-social-icon social-facebook\" aria-label=\"Facebook social link\">\n\t\t\t\t\t\t<span class=\"wd-icon\"><\/span>\n\t\t\t\t\t\t\t\t\t\t\t<\/a>\n\t\t\t\t\n\t\t\t\t\t\t\t\t\t<a rel=\"noopener noreferrer nofollow\" href=\"https:\/\/x.com\/share?url=https:\/\/myforbia.cl\/category\/entrevistas-y-columnas\/\" target=\"_blank\" class=\" wd-social-icon social-twitter\" aria-label=\"X social link\">\n\t\t\t\t\t\t<span class=\"wd-icon\"><\/span>\n\t\t\t\t\t\t\t\t\t\t\t<\/a>\n\t\t\t\t\n\t\t\t\t\n\t\t\t\t\n\t\t\t\t\n\t\t\t\t\t\t\t\t\t<a rel=\"noopener noreferrer nofollow\" href=\"https:\/\/pinterest.com\/pin\/create\/button\/?url=https:\/\/myforbia.cl\/category\/entrevistas-y-columnas\/&media=https:\/\/myforbia.cl\/wp-content\/uploads\/2025\/10\/nicolas-flor-SmT94YiASjM-unsplash.jpg&description=La+capital+de+un+imperio+que+nunca+existi%C3%B3\" target=\"_blank\" class=\" wd-social-icon social-pinterest\" aria-label=\"Pinterest social link\">\n\t\t\t\t\t\t<span class=\"wd-icon\"><\/span>\n\t\t\t\t\t\t\t\t\t\t\t<\/a>\n\t\t\t\t\n\t\t\t\t\n\t\t\t\t\t\t\t\t\t<a rel=\"noopener noreferrer nofollow\" href=\"https:\/\/www.linkedin.com\/shareArticle?mini=true&url=https:\/\/myforbia.cl\/category\/entrevistas-y-columnas\/\" target=\"_blank\" class=\" wd-social-icon social-linkedin\" aria-label=\"Linkedin social link\">\n\t\t\t\t\t\t<span class=\"wd-icon\"><\/span>\n\t\t\t\t\t\t\t\t\t\t\t<\/a>\n\t\t\t\t\n\t\t\t\t\n\t\t\t\t\n\t\t\t\t\n\t\t\t\t\n\t\t\t\t\n\t\t\t\t\n\t\t\t\t\n\t\t\t\t\n\t\t\t\t\n\t\t\t\t\n\t\t\t\t\n\t\t\t\t\n\t\t\t\t\n\t\t\t\t\n\t\t\t\t\n\t\t\t\t\t\t\t\t\t<a rel=\"noopener noreferrer nofollow\" href=\"https:\/\/telegram.me\/share\/url?url=https:\/\/myforbia.cl\/category\/entrevistas-y-columnas\/\" target=\"_blank\" class=\" wd-social-icon social-tg\" aria-label=\"Telegram social link\">\n\t\t\t\t\t\t<span class=\"wd-icon\"><\/span>\n\t\t\t\t\t\t\t\t\t\t\t<\/a>\n\t\t\t\t\n\t\t\t\t\n\t\t\t<\/div>\n\n\t\t\t\t\t\t\t\t\t<\/div>\n\t\t\t\t\t\t<\/div>\n\t\t\t\t\t<\/div>\n\t\t\t\t\t\t\t\n\t\t\t\t\t\t\t\t\t\t\t\t<div class=\"entry-content wd-post-desc\">\n\t\t\t\t\t\tPor Ignacio L\u00f3pez\r\n\r\n&nbsp;\r\n\r\nBuenos Aires tiene esa fuerza que seduce apenas se la pisa. Es pasi\u00f3n, tango y bohemia en cada esquina. Una ciudad hecha y preparada para el turismo y...\t\t\t\t\t<\/div>\n\t\t\t\t\n\t\t\t\t\t\t\t\t\t\t\t\t\t\t<p class=\"read-more-section\">\n\t\t\t\t\t\t<a class=\"btn-read-more more-link\" href=\"https:\/\/myforbia.cl\/2025\/10\/14\/la-capital-de-un-imperio-que-nunca-existio\/\">Continue reading<\/a>\t\t\t\t\t<\/p>\n\t\t\t\t\t\t\t\t\t\t\t\t\t<\/div>\n\t<\/div>\n<\/article>\n\n\t\t\t\t\t\t\t\t\t\t\t\n<article id=\"post-17938\" class=\"wd-post blog-design-masonry blog-post-loop blog-style-bg wd-add-shadow wd-col post-17938 post type-post status-publish format-standard has-post-thumbnail hentry category-entrevistas category-glamour-y-belleza category-moda\">\n\t<div class=\"article-inner\">\n\t\t<header class=\"entry-header\">\n\t\t\t\t\t\t\t<figure class=\"entry-thumbnail\">\n\t\t\t\t\t\t\t\t\t\t\t<div class=\"post-img-wrapp\">\n\t\t\t\t\t\t\t<a href=\"https:\/\/myforbia.cl\/2025\/10\/14\/carolina-jorquera-la-moda-es-todo-lo-que-a-ti-te-queda-bien-no-lo-que-esta-en-una-vitrina\/\">\n\t\t\t\t\t\t\t\t<img width=\"1707\" height=\"2560\" src=\"https:\/\/myforbia.cl\/wp-content\/uploads\/2025\/10\/Glamb2_125.jpg\" class=\"attachment-large size-large\" alt=\"\" decoding=\"async\" srcset=\"https:\/\/myforbia.cl\/wp-content\/uploads\/2025\/10\/Glamb2_125.jpg 1707w, https:\/\/myforbia.cl\/wp-content\/uploads\/2025\/10\/Glamb2_125-768x1152.jpg 768w, https:\/\/myforbia.cl\/wp-content\/uploads\/2025\/10\/Glamb2_125-1024x1536.jpg 1024w, https:\/\/myforbia.cl\/wp-content\/uploads\/2025\/10\/Glamb2_125-1366x2048.jpg 1366w, https:\/\/myforbia.cl\/wp-content\/uploads\/2025\/10\/Glamb2_125-430x645.jpg 430w, https:\/\/myforbia.cl\/wp-content\/uploads\/2025\/10\/Glamb2_125-700x1050.jpg 700w, https:\/\/myforbia.cl\/wp-content\/uploads\/2025\/10\/Glamb2_125-150x225.jpg 150w\" sizes=\"(max-width: 1707px) 100vw, 1707px\" \/>\t\t\t\t\t\t\t<\/a>\n\t\t\t\t\t\t<\/div>\n\t\t\t\t\t\t<div class=\"post-image-mask\">\n\t\t\t\t\t\t\t<span><\/span>\n\t\t\t\t\t\t<\/div>\n\t\t\t\t\t\t\t\t\t<\/figure>\n\t\t\t\n\t\t\t\t\t\t<div class=\"wd-post-date wd-style-with-bg\">\n\t\t\t\t<span class=\"post-date-day\">\n\t\t\t\t\t14\t\t\t\t<\/span>\n\t\t\t\t<span class=\"post-date-month\">\n\t\t\t\t\tOct\t\t\t\t<\/span>\n\t\t\t<\/div>\n\t\t\t\t<\/header>\n\n\t\t<div class=\"article-body-container\">\n\t\t\t\t\t\t\t<div class=\"meta-categories-wrapp\">\n\t\t\t\t\t<div class=\"meta-post-categories wd-post-cat wd-style-with-bg\">\n\t\t\t\t\t\t<a href=\"https:\/\/myforbia.cl\/category\/entrevistas-y-columnas\/entrevistas\/\" rel=\"category tag\">Entrevistas<\/a>, <a href=\"https:\/\/myforbia.cl\/category\/glamour-y-belleza\/\" rel=\"category tag\">GLAMOUR Y BELLEZA<\/a>, <a href=\"https:\/\/myforbia.cl\/category\/glamour-y-belleza\/moda\/\" rel=\"category tag\">Moda<\/a>\t\t\t\t\t<\/div>\n\t\t\t\t<\/div>\n\t\t\t\n\t\t\t\t\t\t\t<h3 class=\"wd-entities-title title post-title\">\n\t\t\t\t\t<a href=\"https:\/\/myforbia.cl\/2025\/10\/14\/carolina-jorquera-la-moda-es-todo-lo-que-a-ti-te-queda-bien-no-lo-que-esta-en-una-vitrina\/\" rel=\"bookmark\">Carolina Jorquera:  \u201cLa moda es todo lo que a ti te queda bien, no lo que est\u00e1 en\u00a0una\u00a0vitrina\u201d.<\/a>\n\t\t\t\t<\/h3>\n\t\t\t\n\t\t\t\t\t\t\t<div class=\"entry-meta wd-entry-meta\">\n\t\t\t\t\t\t\t\t<ul class=\"entry-meta-list\">\n\t\t\t\t\t\t\t\t\t<li class=\"modified-date\">\n\t\t\t\t\t\t\t\t<time class=\"updated\" datetime=\"2025-10-15T00:02:51+00:00\">\n\t\t\tOctubre 15, 2025\t\t<\/time>\n\t\t\t\t\t\t\t<\/li>\n\n\t\t\t\t\t\n\t\t\t\t\t\t\t\t\t\t\t<li class=\"meta-author\">\n\t\t\t\t\t\t\t\t\t\t\t\t<span>By<\/span>\n\t\t\n\t\t\t\t\t<img src=\"https:\/\/myforbia.cl\/wp-content\/uploads\/2025\/07\/FORBIA-Logo-Fondos-04-2-copia-1.png\" width=\"32\" height=\"32\" srcset=\"https:\/\/myforbia.cl\/wp-content\/uploads\/2025\/07\/FORBIA-Logo-Fondos-04-2-copia-1.png 2x\" alt=\"Myforbia\" class=\"avatar avatar-32 wp-user-avatar wp-user-avatar-32 alignnone photo\" \/>\t\t\n\t\t<a href=\"https:\/\/myforbia.cl\" class=\"author\" rel=\"author\">Myforbia<\/a>\n\t\t\t\t\t\t\t\t<\/li>\n\t\t\t\t\t\n\t\t\t\t\t\n\t\t\t\t\t\t\t\t\t\t\t<li class=\"meta-reply\">\n\t\t\t\t\t\t\t<a href=\"https:\/\/myforbia.cl\/2025\/10\/14\/carolina-jorquera-la-moda-es-todo-lo-que-a-ti-te-queda-bien-no-lo-que-esta-en-una-vitrina\/#respond\"><span class=\"replies-count\">0<\/span> <span class=\"replies-count-label\">comments<\/span><\/a>\t\t\t\t\t\t<\/li>\n\t\t\t\t\t\t\t\t\t\t\t\t<\/ul>\n\t\t\t\t\t\t<\/div>\n\t\t\t\t\t\t\t\t\t<div class=\"hovered-social-icons wd-tltp\">\n\t\t\t\t\t\t<div class=\"tooltip top\">\n\t\t\t\t\t\t\t<div class=\"tooltip-arrow\"><\/div>\n\t\t\t\t\t\t\t<div class=\"tooltip-inner\">\n\t\t\t\t\t\t\t\t\t\t\t<div id=\"\" class=\" wd-social-icons wd-style-default wd-size-small social-share wd-shape-circle color-scheme-light text-center\">\n\t\t\t\t\n\t\t\t\t\n\t\t\t\t\t\t\t\t\t<a rel=\"noopener noreferrer nofollow\" href=\"https:\/\/www.facebook.com\/sharer\/sharer.php?u=https:\/\/myforbia.cl\/category\/entrevistas-y-columnas\/\" target=\"_blank\" class=\" wd-social-icon social-facebook\" aria-label=\"Facebook social link\">\n\t\t\t\t\t\t<span class=\"wd-icon\"><\/span>\n\t\t\t\t\t\t\t\t\t\t\t<\/a>\n\t\t\t\t\n\t\t\t\t\t\t\t\t\t<a rel=\"noopener noreferrer nofollow\" href=\"https:\/\/x.com\/share?url=https:\/\/myforbia.cl\/category\/entrevistas-y-columnas\/\" target=\"_blank\" class=\" wd-social-icon social-twitter\" aria-label=\"X social link\">\n\t\t\t\t\t\t<span class=\"wd-icon\"><\/span>\n\t\t\t\t\t\t\t\t\t\t\t<\/a>\n\t\t\t\t\n\t\t\t\t\n\t\t\t\t\n\t\t\t\t\n\t\t\t\t\t\t\t\t\t<a rel=\"noopener noreferrer nofollow\" href=\"https:\/\/pinterest.com\/pin\/create\/button\/?url=https:\/\/myforbia.cl\/category\/entrevistas-y-columnas\/&media=https:\/\/myforbia.cl\/wp-content\/uploads\/2025\/10\/Glamb2_125.jpg&description=Carolina+Jorquera%3A++%E2%80%9CLa+moda+es+todo+lo+que+a+ti+te+queda+bien%2C+no+lo+que+est%C3%A1+en%C2%A0una%C2%A0vitrina%E2%80%9D.\" target=\"_blank\" class=\" wd-social-icon social-pinterest\" aria-label=\"Pinterest social link\">\n\t\t\t\t\t\t<span class=\"wd-icon\"><\/span>\n\t\t\t\t\t\t\t\t\t\t\t<\/a>\n\t\t\t\t\n\t\t\t\t\n\t\t\t\t\t\t\t\t\t<a rel=\"noopener noreferrer nofollow\" href=\"https:\/\/www.linkedin.com\/shareArticle?mini=true&url=https:\/\/myforbia.cl\/category\/entrevistas-y-columnas\/\" target=\"_blank\" class=\" wd-social-icon social-linkedin\" aria-label=\"Linkedin social link\">\n\t\t\t\t\t\t<span class=\"wd-icon\"><\/span>\n\t\t\t\t\t\t\t\t\t\t\t<\/a>\n\t\t\t\t\n\t\t\t\t\n\t\t\t\t\n\t\t\t\t\n\t\t\t\t\n\t\t\t\t\n\t\t\t\t\n\t\t\t\t\n\t\t\t\t\n\t\t\t\t\n\t\t\t\t\n\t\t\t\t\n\t\t\t\t\n\t\t\t\t\n\t\t\t\t\n\t\t\t\t\n\t\t\t\t\t\t\t\t\t<a rel=\"noopener noreferrer nofollow\" href=\"https:\/\/telegram.me\/share\/url?url=https:\/\/myforbia.cl\/category\/entrevistas-y-columnas\/\" target=\"_blank\" class=\" wd-social-icon social-tg\" aria-label=\"Telegram social link\">\n\t\t\t\t\t\t<span class=\"wd-icon\"><\/span>\n\t\t\t\t\t\t\t\t\t\t\t<\/a>\n\t\t\t\t\n\t\t\t\t\n\t\t\t<\/div>\n\n\t\t\t\t\t\t\t\t\t<\/div>\n\t\t\t\t\t\t<\/div>\n\t\t\t\t\t<\/div>\n\t\t\t\t\t\t\t\n\t\t\t\t\t\t\t\t\t\t\t\t<div class=\"entry-content wd-post-desc\">\n\t\t\t\t\t\tEn esta nueva edici\u00f3n de nuestra revista hemos conversado, largo y tendido, con una figura ic\u00f3nica de la moda: la periodista, coach y fashion expert, Carolina Jorquera. En esta oportunidad...\t\t\t\t\t<\/div>\n\t\t\t\t\n\t\t\t\t\t\t\t\t\t\t\t\t\t\t<p class=\"read-more-section\">\n\t\t\t\t\t\t<a class=\"btn-read-more more-link\" href=\"https:\/\/myforbia.cl\/2025\/10\/14\/carolina-jorquera-la-moda-es-todo-lo-que-a-ti-te-queda-bien-no-lo-que-esta-en-una-vitrina\/\">Continue reading<\/a>\t\t\t\t\t<\/p>\n\t\t\t\t\t\t\t\t\t\t\t\t\t<\/div>\n\t<\/div>\n<\/article>\n\n\t\t\t\t\t\t\t\t\t\t\t\n<article id=\"post-17921\" class=\"wd-post blog-design-masonry blog-post-loop blog-style-bg wd-add-shadow wd-col post-17921 post type-post status-publish format-standard has-post-thumbnail hentry category-entrevistas category-moda category-mujeres-empresarias\">\n\t<div class=\"article-inner\">\n\t\t<header class=\"entry-header\">\n\t\t\t\t\t\t\t<figure class=\"entry-thumbnail\">\n\t\t\t\t\t\t\t\t\t\t\t<div class=\"post-img-wrapp\">\n\t\t\t\t\t\t\t<a href=\"https:\/\/myforbia.cl\/2025\/10\/03\/daniella-constant-capetillo-moda-con-proposito-y-pasion\/\">\n\t\t\t\t\t\t\t\t<img width=\"1920\" height=\"2560\" src=\"https:\/\/myforbia.cl\/wp-content\/uploads\/2025\/10\/IMG_3639.jpeg\" class=\"attachment-large size-large\" alt=\"\" decoding=\"async\" srcset=\"https:\/\/myforbia.cl\/wp-content\/uploads\/2025\/10\/IMG_3639.jpeg 1920w, https:\/\/myforbia.cl\/wp-content\/uploads\/2025\/10\/IMG_3639-768x1024.jpeg 768w, https:\/\/myforbia.cl\/wp-content\/uploads\/2025\/10\/IMG_3639-1152x1536.jpeg 1152w, https:\/\/myforbia.cl\/wp-content\/uploads\/2025\/10\/IMG_3639-1536x2048.jpeg 1536w, https:\/\/myforbia.cl\/wp-content\/uploads\/2025\/10\/IMG_3639-430x573.jpeg 430w, https:\/\/myforbia.cl\/wp-content\/uploads\/2025\/10\/IMG_3639-700x933.jpeg 700w, https:\/\/myforbia.cl\/wp-content\/uploads\/2025\/10\/IMG_3639-150x200.jpeg 150w\" sizes=\"(max-width: 1920px) 100vw, 1920px\" \/>\t\t\t\t\t\t\t<\/a>\n\t\t\t\t\t\t<\/div>\n\t\t\t\t\t\t<div class=\"post-image-mask\">\n\t\t\t\t\t\t\t<span><\/span>\n\t\t\t\t\t\t<\/div>\n\t\t\t\t\t\t\t\t\t<\/figure>\n\t\t\t\n\t\t\t\t\t\t<div class=\"wd-post-date wd-style-with-bg\">\n\t\t\t\t<span class=\"post-date-day\">\n\t\t\t\t\t03\t\t\t\t<\/span>\n\t\t\t\t<span class=\"post-date-month\">\n\t\t\t\t\tOct\t\t\t\t<\/span>\n\t\t\t<\/div>\n\t\t\t\t<\/header>\n\n\t\t<div class=\"article-body-container\">\n\t\t\t\t\t\t\t<div class=\"meta-categories-wrapp\">\n\t\t\t\t\t<div class=\"meta-post-categories wd-post-cat wd-style-with-bg\">\n\t\t\t\t\t\t<a href=\"https:\/\/myforbia.cl\/category\/entrevistas-y-columnas\/entrevistas\/\" rel=\"category tag\">Entrevistas<\/a>, <a href=\"https:\/\/myforbia.cl\/category\/glamour-y-belleza\/moda\/\" rel=\"category tag\">Moda<\/a>, <a href=\"https:\/\/myforbia.cl\/category\/empresas\/mujeres-empresarias\/\" rel=\"category tag\">Mujeres empresarias<\/a>\t\t\t\t\t<\/div>\n\t\t\t\t<\/div>\n\t\t\t\n\t\t\t\t\t\t\t<h3 class=\"wd-entities-title title post-title\">\n\t\t\t\t\t<a href=\"https:\/\/myforbia.cl\/2025\/10\/03\/daniella-constant-capetillo-moda-con-proposito-y-pasion\/\" rel=\"bookmark\">Daniella Constant Capetillo: Moda con prop\u00f3sito y pasi\u00f3n<\/a>\n\t\t\t\t<\/h3>\n\t\t\t\n\t\t\t\t\t\t\t<div class=\"entry-meta wd-entry-meta\">\n\t\t\t\t\t\t\t\t<ul class=\"entry-meta-list\">\n\t\t\t\t\t\t\t\t\t<li class=\"modified-date\">\n\t\t\t\t\t\t\t\t<time class=\"updated\" datetime=\"2025-10-06T13:41:38+00:00\">\n\t\t\tOctubre 6, 2025\t\t<\/time>\n\t\t\t\t\t\t\t<\/li>\n\n\t\t\t\t\t\n\t\t\t\t\t\t\t\t\t\t\t<li class=\"meta-author\">\n\t\t\t\t\t\t\t\t\t\t\t\t<span>By<\/span>\n\t\t\n\t\t\t\t\t<img src=\"https:\/\/myforbia.cl\/wp-content\/uploads\/2025\/07\/FORBIA-Logo-Fondos-04-2-copia-1.png\" width=\"32\" height=\"32\" srcset=\"https:\/\/myforbia.cl\/wp-content\/uploads\/2025\/07\/FORBIA-Logo-Fondos-04-2-copia-1.png 2x\" alt=\"Myforbia\" class=\"avatar avatar-32 wp-user-avatar wp-user-avatar-32 alignnone photo\" \/>\t\t\n\t\t<a href=\"https:\/\/myforbia.cl\" class=\"author\" rel=\"author\">Myforbia<\/a>\n\t\t\t\t\t\t\t\t<\/li>\n\t\t\t\t\t\n\t\t\t\t\t\n\t\t\t\t\t\t\t\t\t\t\t<li class=\"meta-reply\">\n\t\t\t\t\t\t\t<a href=\"https:\/\/myforbia.cl\/2025\/10\/03\/daniella-constant-capetillo-moda-con-proposito-y-pasion\/#respond\"><span class=\"replies-count\">0<\/span> <span class=\"replies-count-label\">comments<\/span><\/a>\t\t\t\t\t\t<\/li>\n\t\t\t\t\t\t\t\t\t\t\t\t<\/ul>\n\t\t\t\t\t\t<\/div>\n\t\t\t\t\t\t\t\t\t<div class=\"hovered-social-icons wd-tltp\">\n\t\t\t\t\t\t<div class=\"tooltip top\">\n\t\t\t\t\t\t\t<div class=\"tooltip-arrow\"><\/div>\n\t\t\t\t\t\t\t<div class=\"tooltip-inner\">\n\t\t\t\t\t\t\t\t\t\t\t<div id=\"\" class=\" wd-social-icons wd-style-default wd-size-small social-share wd-shape-circle color-scheme-light text-center\">\n\t\t\t\t\n\t\t\t\t\n\t\t\t\t\t\t\t\t\t<a rel=\"noopener noreferrer nofollow\" href=\"https:\/\/www.facebook.com\/sharer\/sharer.php?u=https:\/\/myforbia.cl\/category\/entrevistas-y-columnas\/\" target=\"_blank\" class=\" wd-social-icon social-facebook\" aria-label=\"Facebook social link\">\n\t\t\t\t\t\t<span class=\"wd-icon\"><\/span>\n\t\t\t\t\t\t\t\t\t\t\t<\/a>\n\t\t\t\t\n\t\t\t\t\t\t\t\t\t<a rel=\"noopener noreferrer nofollow\" href=\"https:\/\/x.com\/share?url=https:\/\/myforbia.cl\/category\/entrevistas-y-columnas\/\" target=\"_blank\" class=\" wd-social-icon social-twitter\" aria-label=\"X social link\">\n\t\t\t\t\t\t<span class=\"wd-icon\"><\/span>\n\t\t\t\t\t\t\t\t\t\t\t<\/a>\n\t\t\t\t\n\t\t\t\t\n\t\t\t\t\n\t\t\t\t\n\t\t\t\t\t\t\t\t\t<a rel=\"noopener noreferrer nofollow\" href=\"https:\/\/pinterest.com\/pin\/create\/button\/?url=https:\/\/myforbia.cl\/category\/entrevistas-y-columnas\/&media=https:\/\/myforbia.cl\/wp-content\/uploads\/2025\/10\/IMG_3639.jpeg&description=Daniella+Constant+Capetillo%3A+Moda+con+prop%C3%B3sito+y+pasi%C3%B3n\" target=\"_blank\" class=\" wd-social-icon social-pinterest\" aria-label=\"Pinterest social link\">\n\t\t\t\t\t\t<span class=\"wd-icon\"><\/span>\n\t\t\t\t\t\t\t\t\t\t\t<\/a>\n\t\t\t\t\n\t\t\t\t\n\t\t\t\t\t\t\t\t\t<a rel=\"noopener noreferrer nofollow\" href=\"https:\/\/www.linkedin.com\/shareArticle?mini=true&url=https:\/\/myforbia.cl\/category\/entrevistas-y-columnas\/\" target=\"_blank\" class=\" wd-social-icon social-linkedin\" aria-label=\"Linkedin social link\">\n\t\t\t\t\t\t<span class=\"wd-icon\"><\/span>\n\t\t\t\t\t\t\t\t\t\t\t<\/a>\n\t\t\t\t\n\t\t\t\t\n\t\t\t\t\n\t\t\t\t\n\t\t\t\t\n\t\t\t\t\n\t\t\t\t\n\t\t\t\t\n\t\t\t\t\n\t\t\t\t\n\t\t\t\t\n\t\t\t\t\n\t\t\t\t\n\t\t\t\t\n\t\t\t\t\n\t\t\t\t\n\t\t\t\t\t\t\t\t\t<a rel=\"noopener noreferrer nofollow\" href=\"https:\/\/telegram.me\/share\/url?url=https:\/\/myforbia.cl\/category\/entrevistas-y-columnas\/\" target=\"_blank\" class=\" wd-social-icon social-tg\" aria-label=\"Telegram social link\">\n\t\t\t\t\t\t<span class=\"wd-icon\"><\/span>\n\t\t\t\t\t\t\t\t\t\t\t<\/a>\n\t\t\t\t\n\t\t\t\t\n\t\t\t<\/div>\n\n\t\t\t\t\t\t\t\t\t<\/div>\n\t\t\t\t\t\t<\/div>\n\t\t\t\t\t<\/div>\n\t\t\t\t\t\t\t\n\t\t\t\t\t\t\t\t\t\t\t\t<div class=\"entry-content wd-post-desc\">\n\t\t\t\t\t\tDesde ni\u00f1a, Daniella supo que la moda no era una simple etapa, sino parte de su identidad. Entre telas, hilos y mu\u00f1ecas Barbie, transformaba ropa vieja en vestidos hechos a...\t\t\t\t\t<\/div>\n\t\t\t\t\n\t\t\t\t\t\t\t\t\t\t\t\t\t\t<p class=\"read-more-section\">\n\t\t\t\t\t\t<a class=\"btn-read-more more-link\" href=\"https:\/\/myforbia.cl\/2025\/10\/03\/daniella-constant-capetillo-moda-con-proposito-y-pasion\/\">Continue reading<\/a>\t\t\t\t\t<\/p>\n\t\t\t\t\t\t\t\t\t\t\t\t\t<\/div>\n\t<\/div>\n<\/article>\n\n\t\t\t\t\t\t\t\t\t\t\t\n<article id=\"post-17916\" class=\"wd-post blog-design-masonry blog-post-loop blog-style-bg wd-add-shadow wd-col post-17916 post type-post status-publish format-standard has-post-thumbnail hentry category-artes category-entrevistas\">\n\t<div class=\"article-inner\">\n\t\t<header class=\"entry-header\">\n\t\t\t\t\t\t\t<figure class=\"entry-thumbnail\">\n\t\t\t\t\t\t\t\t\t\t\t<div class=\"post-img-wrapp\">\n\t\t\t\t\t\t\t<a href=\"https:\/\/myforbia.cl\/2025\/10\/03\/rodrigo-gonzalez-el-jazz-es-libertad-creacion-y-encuentro\/\">\n\t\t\t\t\t\t\t\t<img width=\"1707\" height=\"2560\" src=\"https:\/\/myforbia.cl\/wp-content\/uploads\/2025\/10\/IMG_0018.jpg\" class=\"attachment-large size-large\" alt=\"\" decoding=\"async\" srcset=\"https:\/\/myforbia.cl\/wp-content\/uploads\/2025\/10\/IMG_0018.jpg 1707w, https:\/\/myforbia.cl\/wp-content\/uploads\/2025\/10\/IMG_0018-768x1152.jpg 768w, https:\/\/myforbia.cl\/wp-content\/uploads\/2025\/10\/IMG_0018-1024x1536.jpg 1024w, https:\/\/myforbia.cl\/wp-content\/uploads\/2025\/10\/IMG_0018-1366x2048.jpg 1366w, https:\/\/myforbia.cl\/wp-content\/uploads\/2025\/10\/IMG_0018-430x645.jpg 430w, https:\/\/myforbia.cl\/wp-content\/uploads\/2025\/10\/IMG_0018-700x1050.jpg 700w, https:\/\/myforbia.cl\/wp-content\/uploads\/2025\/10\/IMG_0018-150x225.jpg 150w\" sizes=\"(max-width: 1707px) 100vw, 1707px\" \/>\t\t\t\t\t\t\t<\/a>\n\t\t\t\t\t\t<\/div>\n\t\t\t\t\t\t<div class=\"post-image-mask\">\n\t\t\t\t\t\t\t<span><\/span>\n\t\t\t\t\t\t<\/div>\n\t\t\t\t\t\t\t\t\t<\/figure>\n\t\t\t\n\t\t\t\t\t\t<div class=\"wd-post-date wd-style-with-bg\">\n\t\t\t\t<span class=\"post-date-day\">\n\t\t\t\t\t03\t\t\t\t<\/span>\n\t\t\t\t<span class=\"post-date-month\">\n\t\t\t\t\tOct\t\t\t\t<\/span>\n\t\t\t<\/div>\n\t\t\t\t<\/header>\n\n\t\t<div class=\"article-body-container\">\n\t\t\t\t\t\t\t<div class=\"meta-categories-wrapp\">\n\t\t\t\t\t<div class=\"meta-post-categories wd-post-cat wd-style-with-bg\">\n\t\t\t\t\t\t<a href=\"https:\/\/myforbia.cl\/category\/tendencias\/artes\/\" rel=\"category tag\">Artes y Letras<\/a>, <a href=\"https:\/\/myforbia.cl\/category\/entrevistas-y-columnas\/entrevistas\/\" rel=\"category tag\">Entrevistas<\/a>\t\t\t\t\t<\/div>\n\t\t\t\t<\/div>\n\t\t\t\n\t\t\t\t\t\t\t<h3 class=\"wd-entities-title title post-title\">\n\t\t\t\t\t<a href=\"https:\/\/myforbia.cl\/2025\/10\/03\/rodrigo-gonzalez-el-jazz-es-libertad-creacion-y-encuentro\/\" rel=\"bookmark\">Rodrigo Gonz\u00e1lez: \u201cEl jazz es libertad, creaci\u00f3n y encuentro\u201d.<\/a>\n\t\t\t\t<\/h3>\n\t\t\t\n\t\t\t\t\t\t\t<div class=\"entry-meta wd-entry-meta\">\n\t\t\t\t\t\t\t\t<ul class=\"entry-meta-list\">\n\t\t\t\t\t\t\t\t\t<li class=\"modified-date\">\n\t\t\t\t\t\t\t\t<time class=\"updated\" datetime=\"2025-10-06T13:40:08+00:00\">\n\t\t\tOctubre 6, 2025\t\t<\/time>\n\t\t\t\t\t\t\t<\/li>\n\n\t\t\t\t\t\n\t\t\t\t\t\t\t\t\t\t\t<li class=\"meta-author\">\n\t\t\t\t\t\t\t\t\t\t\t\t<span>By<\/span>\n\t\t\n\t\t\t\t\t<img src=\"https:\/\/myforbia.cl\/wp-content\/uploads\/2025\/07\/FORBIA-Logo-Fondos-04-2-copia-1.png\" width=\"32\" height=\"32\" srcset=\"https:\/\/myforbia.cl\/wp-content\/uploads\/2025\/07\/FORBIA-Logo-Fondos-04-2-copia-1.png 2x\" alt=\"Myforbia\" class=\"avatar avatar-32 wp-user-avatar wp-user-avatar-32 alignnone photo\" \/>\t\t\n\t\t<a href=\"https:\/\/myforbia.cl\" class=\"author\" rel=\"author\">Myforbia<\/a>\n\t\t\t\t\t\t\t\t<\/li>\n\t\t\t\t\t\n\t\t\t\t\t\n\t\t\t\t\t\t\t\t\t\t\t<li class=\"meta-reply\">\n\t\t\t\t\t\t\t<a href=\"https:\/\/myforbia.cl\/2025\/10\/03\/rodrigo-gonzalez-el-jazz-es-libertad-creacion-y-encuentro\/#respond\"><span class=\"replies-count\">0<\/span> <span class=\"replies-count-label\">comments<\/span><\/a>\t\t\t\t\t\t<\/li>\n\t\t\t\t\t\t\t\t\t\t\t\t<\/ul>\n\t\t\t\t\t\t<\/div>\n\t\t\t\t\t\t\t\t\t<div class=\"hovered-social-icons wd-tltp\">\n\t\t\t\t\t\t<div class=\"tooltip top\">\n\t\t\t\t\t\t\t<div class=\"tooltip-arrow\"><\/div>\n\t\t\t\t\t\t\t<div class=\"tooltip-inner\">\n\t\t\t\t\t\t\t\t\t\t\t<div id=\"\" class=\" wd-social-icons wd-style-default wd-size-small social-share wd-shape-circle color-scheme-light text-center\">\n\t\t\t\t\n\t\t\t\t\n\t\t\t\t\t\t\t\t\t<a rel=\"noopener noreferrer nofollow\" href=\"https:\/\/www.facebook.com\/sharer\/sharer.php?u=https:\/\/myforbia.cl\/category\/entrevistas-y-columnas\/\" target=\"_blank\" class=\" wd-social-icon social-facebook\" aria-label=\"Facebook social link\">\n\t\t\t\t\t\t<span class=\"wd-icon\"><\/span>\n\t\t\t\t\t\t\t\t\t\t\t<\/a>\n\t\t\t\t\n\t\t\t\t\t\t\t\t\t<a rel=\"noopener noreferrer nofollow\" href=\"https:\/\/x.com\/share?url=https:\/\/myforbia.cl\/category\/entrevistas-y-columnas\/\" target=\"_blank\" class=\" wd-social-icon social-twitter\" aria-label=\"X social link\">\n\t\t\t\t\t\t<span class=\"wd-icon\"><\/span>\n\t\t\t\t\t\t\t\t\t\t\t<\/a>\n\t\t\t\t\n\t\t\t\t\n\t\t\t\t\n\t\t\t\t\n\t\t\t\t\t\t\t\t\t<a rel=\"noopener noreferrer nofollow\" href=\"https:\/\/pinterest.com\/pin\/create\/button\/?url=https:\/\/myforbia.cl\/category\/entrevistas-y-columnas\/&media=https:\/\/myforbia.cl\/wp-content\/uploads\/2025\/10\/IMG_0018.jpg&description=Rodrigo+Gonz%C3%A1lez%3A+%E2%80%9CEl+jazz+es+libertad%2C+creaci%C3%B3n+y+encuentro%E2%80%9D.\" target=\"_blank\" class=\" wd-social-icon social-pinterest\" aria-label=\"Pinterest social link\">\n\t\t\t\t\t\t<span class=\"wd-icon\"><\/span>\n\t\t\t\t\t\t\t\t\t\t\t<\/a>\n\t\t\t\t\n\t\t\t\t\n\t\t\t\t\t\t\t\t\t<a rel=\"noopener noreferrer nofollow\" href=\"https:\/\/www.linkedin.com\/shareArticle?mini=true&url=https:\/\/myforbia.cl\/category\/entrevistas-y-columnas\/\" target=\"_blank\" class=\" wd-social-icon social-linkedin\" aria-label=\"Linkedin social link\">\n\t\t\t\t\t\t<span class=\"wd-icon\"><\/span>\n\t\t\t\t\t\t\t\t\t\t\t<\/a>\n\t\t\t\t\n\t\t\t\t\n\t\t\t\t\n\t\t\t\t\n\t\t\t\t\n\t\t\t\t\n\t\t\t\t\n\t\t\t\t\n\t\t\t\t\n\t\t\t\t\n\t\t\t\t\n\t\t\t\t\n\t\t\t\t\n\t\t\t\t\n\t\t\t\t\n\t\t\t\t\n\t\t\t\t\t\t\t\t\t<a rel=\"noopener noreferrer nofollow\" href=\"https:\/\/telegram.me\/share\/url?url=https:\/\/myforbia.cl\/category\/entrevistas-y-columnas\/\" target=\"_blank\" class=\" wd-social-icon social-tg\" aria-label=\"Telegram social link\">\n\t\t\t\t\t\t<span class=\"wd-icon\"><\/span>\n\t\t\t\t\t\t\t\t\t\t\t<\/a>\n\t\t\t\t\n\t\t\t\t\n\t\t\t<\/div>\n\n\t\t\t\t\t\t\t\t\t<\/div>\n\t\t\t\t\t\t<\/div>\n\t\t\t\t\t<\/div>\n\t\t\t\t\t\t\t\n\t\t\t\t\t\t\t\t\t\t\t\t<div class=\"entry-content wd-post-desc\">\n\t\t\t\t\t\tCuando Rodrigo Gonz\u00e1lez habla de jazz, lo hace con la calma de quien ha transitado diversos escenarios y con la pasi\u00f3n de quien sigue sorprendi\u00e9ndose con cada acorde. Aunque uno...\t\t\t\t\t<\/div>\n\t\t\t\t\n\t\t\t\t\t\t\t\t\t\t\t\t\t\t<p class=\"read-more-section\">\n\t\t\t\t\t\t<a class=\"btn-read-more more-link\" href=\"https:\/\/myforbia.cl\/2025\/10\/03\/rodrigo-gonzalez-el-jazz-es-libertad-creacion-y-encuentro\/\">Continue reading<\/a>\t\t\t\t\t<\/p>\n\t\t\t\t\t\t\t\t\t\t\t\t\t<\/div>\n\t<\/div>\n<\/article>\n\n\t\t\t\t\t\t\t\t\t\t\t\n<article id=\"post-17908\" class=\"wd-post blog-design-masonry blog-post-loop blog-style-bg wd-add-shadow wd-col post-17908 post type-post status-publish format-standard has-post-thumbnail hentry category-columnas category-entrevistas-y-columnas\">\n\t<div class=\"article-inner\">\n\t\t<header class=\"entry-header\">\n\t\t\t\t\t\t\t<figure class=\"entry-thumbnail\">\n\t\t\t\t\t\t\t\t\t\t\t<div class=\"post-img-wrapp\">\n\t\t\t\t\t\t\t<a href=\"https:\/\/myforbia.cl\/2025\/10\/01\/cuidar-lo-invisible-tambien-previene\/\">\n\t\t\t\t\t\t\t\t<img width=\"1707\" height=\"2560\" src=\"https:\/\/myforbia.cl\/wp-content\/uploads\/2025\/10\/DSC8162.jpg\" class=\"attachment-large size-large\" alt=\"\" decoding=\"async\" srcset=\"https:\/\/myforbia.cl\/wp-content\/uploads\/2025\/10\/DSC8162.jpg 1707w, https:\/\/myforbia.cl\/wp-content\/uploads\/2025\/10\/DSC8162-768x1152.jpg 768w, https:\/\/myforbia.cl\/wp-content\/uploads\/2025\/10\/DSC8162-1024x1536.jpg 1024w, https:\/\/myforbia.cl\/wp-content\/uploads\/2025\/10\/DSC8162-1366x2048.jpg 1366w, https:\/\/myforbia.cl\/wp-content\/uploads\/2025\/10\/DSC8162-430x645.jpg 430w, https:\/\/myforbia.cl\/wp-content\/uploads\/2025\/10\/DSC8162-700x1050.jpg 700w, https:\/\/myforbia.cl\/wp-content\/uploads\/2025\/10\/DSC8162-150x225.jpg 150w\" sizes=\"(max-width: 1707px) 100vw, 1707px\" \/>\t\t\t\t\t\t\t<\/a>\n\t\t\t\t\t\t<\/div>\n\t\t\t\t\t\t<div class=\"post-image-mask\">\n\t\t\t\t\t\t\t<span><\/span>\n\t\t\t\t\t\t<\/div>\n\t\t\t\t\t\t\t\t\t<\/figure>\n\t\t\t\n\t\t\t\t\t\t<div class=\"wd-post-date wd-style-with-bg\">\n\t\t\t\t<span class=\"post-date-day\">\n\t\t\t\t\t01\t\t\t\t<\/span>\n\t\t\t\t<span class=\"post-date-month\">\n\t\t\t\t\tOct\t\t\t\t<\/span>\n\t\t\t<\/div>\n\t\t\t\t<\/header>\n\n\t\t<div class=\"article-body-container\">\n\t\t\t\t\t\t\t<div class=\"meta-categories-wrapp\">\n\t\t\t\t\t<div class=\"meta-post-categories wd-post-cat wd-style-with-bg\">\n\t\t\t\t\t\t<a href=\"https:\/\/myforbia.cl\/category\/entrevistas-y-columnas\/columnas\/\" rel=\"category tag\">Columnas<\/a>, <a href=\"https:\/\/myforbia.cl\/category\/entrevistas-y-columnas\/\" rel=\"category tag\">ENTREVISTAS Y COLUMNAS<\/a>\t\t\t\t\t<\/div>\n\t\t\t\t<\/div>\n\t\t\t\n\t\t\t\t\t\t\t<h3 class=\"wd-entities-title title post-title\">\n\t\t\t\t\t<a href=\"https:\/\/myforbia.cl\/2025\/10\/01\/cuidar-lo-invisible-tambien-previene\/\" rel=\"bookmark\">Cuidar lo invisible tambi\u00e9n previene<\/a>\n\t\t\t\t<\/h3>\n\t\t\t\n\t\t\t\t\t\t\t<div class=\"entry-meta wd-entry-meta\">\n\t\t\t\t\t\t\t\t<ul class=\"entry-meta-list\">\n\t\t\t\t\t\t\t\t\t<li class=\"modified-date\">\n\t\t\t\t\t\t\t\t<time class=\"updated\" datetime=\"2025-10-01T21:07:47+00:00\">\n\t\t\tOctubre 1, 2025\t\t<\/time>\n\t\t\t\t\t\t\t<\/li>\n\n\t\t\t\t\t\n\t\t\t\t\t\t\t\t\t\t\t<li class=\"meta-author\">\n\t\t\t\t\t\t\t\t\t\t\t\t<span>By<\/span>\n\t\t\n\t\t\t\t\t<img src=\"https:\/\/myforbia.cl\/wp-content\/uploads\/2025\/07\/FORBIA-Logo-Fondos-04-2-copia-1.png\" width=\"32\" height=\"32\" srcset=\"https:\/\/myforbia.cl\/wp-content\/uploads\/2025\/07\/FORBIA-Logo-Fondos-04-2-copia-1.png 2x\" alt=\"Myforbia\" class=\"avatar avatar-32 wp-user-avatar wp-user-avatar-32 alignnone photo\" \/>\t\t\n\t\t<a href=\"https:\/\/myforbia.cl\" class=\"author\" rel=\"author\">Myforbia<\/a>\n\t\t\t\t\t\t\t\t<\/li>\n\t\t\t\t\t\n\t\t\t\t\t\n\t\t\t\t\t\t\t\t\t\t\t<li class=\"meta-reply\">\n\t\t\t\t\t\t\t<a href=\"https:\/\/myforbia.cl\/2025\/10\/01\/cuidar-lo-invisible-tambien-previene\/#respond\"><span class=\"replies-count\">0<\/span> <span class=\"replies-count-label\">comments<\/span><\/a>\t\t\t\t\t\t<\/li>\n\t\t\t\t\t\t\t\t\t\t\t\t<\/ul>\n\t\t\t\t\t\t<\/div>\n\t\t\t\t\t\t\t\t\t<div class=\"hovered-social-icons wd-tltp\">\n\t\t\t\t\t\t<div class=\"tooltip top\">\n\t\t\t\t\t\t\t<div class=\"tooltip-arrow\"><\/div>\n\t\t\t\t\t\t\t<div class=\"tooltip-inner\">\n\t\t\t\t\t\t\t\t\t\t\t<div id=\"\" class=\" wd-social-icons wd-style-default wd-size-small social-share wd-shape-circle color-scheme-light text-center\">\n\t\t\t\t\n\t\t\t\t\n\t\t\t\t\t\t\t\t\t<a rel=\"noopener noreferrer nofollow\" href=\"https:\/\/www.facebook.com\/sharer\/sharer.php?u=https:\/\/myforbia.cl\/category\/entrevistas-y-columnas\/\" target=\"_blank\" class=\" wd-social-icon social-facebook\" aria-label=\"Facebook social link\">\n\t\t\t\t\t\t<span class=\"wd-icon\"><\/span>\n\t\t\t\t\t\t\t\t\t\t\t<\/a>\n\t\t\t\t\n\t\t\t\t\t\t\t\t\t<a rel=\"noopener noreferrer nofollow\" href=\"https:\/\/x.com\/share?url=https:\/\/myforbia.cl\/category\/entrevistas-y-columnas\/\" target=\"_blank\" class=\" wd-social-icon social-twitter\" aria-label=\"X social link\">\n\t\t\t\t\t\t<span class=\"wd-icon\"><\/span>\n\t\t\t\t\t\t\t\t\t\t\t<\/a>\n\t\t\t\t\n\t\t\t\t\n\t\t\t\t\n\t\t\t\t\n\t\t\t\t\t\t\t\t\t<a rel=\"noopener noreferrer nofollow\" href=\"https:\/\/pinterest.com\/pin\/create\/button\/?url=https:\/\/myforbia.cl\/category\/entrevistas-y-columnas\/&media=https:\/\/myforbia.cl\/wp-content\/uploads\/2025\/10\/DSC8162.jpg&description=Cuidar+lo+invisible+tambi%C3%A9n+previene\" target=\"_blank\" class=\" wd-social-icon social-pinterest\" aria-label=\"Pinterest social link\">\n\t\t\t\t\t\t<span class=\"wd-icon\"><\/span>\n\t\t\t\t\t\t\t\t\t\t\t<\/a>\n\t\t\t\t\n\t\t\t\t\n\t\t\t\t\t\t\t\t\t<a rel=\"noopener noreferrer nofollow\" href=\"https:\/\/www.linkedin.com\/shareArticle?mini=true&url=https:\/\/myforbia.cl\/category\/entrevistas-y-columnas\/\" target=\"_blank\" class=\" wd-social-icon social-linkedin\" aria-label=\"Linkedin social link\">\n\t\t\t\t\t\t<span class=\"wd-icon\"><\/span>\n\t\t\t\t\t\t\t\t\t\t\t<\/a>\n\t\t\t\t\n\t\t\t\t\n\t\t\t\t\n\t\t\t\t\n\t\t\t\t\n\t\t\t\t\n\t\t\t\t\n\t\t\t\t\n\t\t\t\t\n\t\t\t\t\n\t\t\t\t\n\t\t\t\t\n\t\t\t\t\n\t\t\t\t\n\t\t\t\t\n\t\t\t\t\n\t\t\t\t\t\t\t\t\t<a rel=\"noopener noreferrer nofollow\" href=\"https:\/\/telegram.me\/share\/url?url=https:\/\/myforbia.cl\/category\/entrevistas-y-columnas\/\" target=\"_blank\" class=\" wd-social-icon social-tg\" aria-label=\"Telegram social link\">\n\t\t\t\t\t\t<span class=\"wd-icon\"><\/span>\n\t\t\t\t\t\t\t\t\t\t\t<\/a>\n\t\t\t\t\n\t\t\t\t\n\t\t\t<\/div>\n\n\t\t\t\t\t\t\t\t\t<\/div>\n\t\t\t\t\t\t<\/div>\n\t\t\t\t\t<\/div>\n\t\t\t\t\t\t\t\n\t\t\t\t\t\t\t\t\t\t\t\t<div class=\"entry-content wd-post-desc\">\n\t\t\t\t\t\tDesde chicos nos ense\u00f1aron a cuidar nuestro cuerpo. Un parche curita es pan de cada d\u00eda para un ni\u00f1o, jugar al doctor, un cl\u00e1sico. Sabemos que es \u00e9l quien puede...\t\t\t\t\t<\/div>\n\t\t\t\t\n\t\t\t\t\t\t\t\t\t\t\t\t\t\t<p class=\"read-more-section\">\n\t\t\t\t\t\t<a class=\"btn-read-more more-link\" href=\"https:\/\/myforbia.cl\/2025\/10\/01\/cuidar-lo-invisible-tambien-previene\/\">Continue reading<\/a>\t\t\t\t\t<\/p>\n\t\t\t\t\t\t\t\t\t\t\t\t\t<\/div>\n\t<\/div>\n<\/article>\n\n\t\t\t\t\t\t\t\t\t\t\t\n<article id=\"post-17879\" class=\"wd-post blog-design-masonry blog-post-loop blog-style-bg wd-add-shadow wd-col post-17879 post type-post status-publish format-standard has-post-thumbnail hentry category-empresas category-entrevistas category-entrevistas-y-columnas category-mujeres-empresarias\">\n\t<div class=\"article-inner\">\n\t\t<header class=\"entry-header\">\n\t\t\t\t\t\t\t<figure class=\"entry-thumbnail\">\n\t\t\t\t\t\t\t\t\t\t\t<div class=\"post-img-wrapp\">\n\t\t\t\t\t\t\t<a href=\"https:\/\/myforbia.cl\/2025\/09\/23\/andrea-lopez-la-gente-puede-olvidar-la-ropa-pero-nunca-como-la-hiciste-sentir\/\">\n\t\t\t\t\t\t\t\t<img width=\"1695\" height=\"2560\" src=\"https:\/\/myforbia.cl\/wp-content\/uploads\/2025\/09\/alopez-85.jpg\" class=\"attachment-large size-large\" alt=\"\" decoding=\"async\" srcset=\"https:\/\/myforbia.cl\/wp-content\/uploads\/2025\/09\/alopez-85.jpg 1695w, https:\/\/myforbia.cl\/wp-content\/uploads\/2025\/09\/alopez-85-768x1160.jpg 768w, https:\/\/myforbia.cl\/wp-content\/uploads\/2025\/09\/alopez-85-1017x1536.jpg 1017w, https:\/\/myforbia.cl\/wp-content\/uploads\/2025\/09\/alopez-85-1356x2048.jpg 1356w, https:\/\/myforbia.cl\/wp-content\/uploads\/2025\/09\/alopez-85-430x649.jpg 430w, https:\/\/myforbia.cl\/wp-content\/uploads\/2025\/09\/alopez-85-700x1057.jpg 700w, https:\/\/myforbia.cl\/wp-content\/uploads\/2025\/09\/alopez-85-150x227.jpg 150w\" sizes=\"(max-width: 1695px) 100vw, 1695px\" \/>\t\t\t\t\t\t\t<\/a>\n\t\t\t\t\t\t<\/div>\n\t\t\t\t\t\t<div class=\"post-image-mask\">\n\t\t\t\t\t\t\t<span><\/span>\n\t\t\t\t\t\t<\/div>\n\t\t\t\t\t\t\t\t\t<\/figure>\n\t\t\t\n\t\t\t\t\t\t<div class=\"wd-post-date wd-style-with-bg\">\n\t\t\t\t<span class=\"post-date-day\">\n\t\t\t\t\t23\t\t\t\t<\/span>\n\t\t\t\t<span class=\"post-date-month\">\n\t\t\t\t\tSep\t\t\t\t<\/span>\n\t\t\t<\/div>\n\t\t\t\t<\/header>\n\n\t\t<div class=\"article-body-container\">\n\t\t\t\t\t\t\t<div class=\"meta-categories-wrapp\">\n\t\t\t\t\t<div class=\"meta-post-categories wd-post-cat wd-style-with-bg\">\n\t\t\t\t\t\t<a href=\"https:\/\/myforbia.cl\/category\/empresas\/\" rel=\"category tag\">EMPRESAS<\/a>, <a href=\"https:\/\/myforbia.cl\/category\/entrevistas-y-columnas\/entrevistas\/\" rel=\"category tag\">Entrevistas<\/a>, <a href=\"https:\/\/myforbia.cl\/category\/entrevistas-y-columnas\/\" rel=\"category tag\">ENTREVISTAS Y COLUMNAS<\/a>, <a href=\"https:\/\/myforbia.cl\/category\/empresas\/mujeres-empresarias\/\" rel=\"category tag\">Mujeres empresarias<\/a>\t\t\t\t\t<\/div>\n\t\t\t\t<\/div>\n\t\t\t\n\t\t\t\t\t\t\t<h3 class=\"wd-entities-title title post-title\">\n\t\t\t\t\t<a href=\"https:\/\/myforbia.cl\/2025\/09\/23\/andrea-lopez-la-gente-puede-olvidar-la-ropa-pero-nunca-como-la-hiciste-sentir\/\" rel=\"bookmark\">Andrea L\u00f3pez: \u201cLa gente puede olvidar la ropa, pero nunca c\u00f3mo la hiciste sentir\u201d.<\/a>\n\t\t\t\t<\/h3>\n\t\t\t\n\t\t\t\t\t\t\t<div class=\"entry-meta wd-entry-meta\">\n\t\t\t\t\t\t\t\t<ul class=\"entry-meta-list\">\n\t\t\t\t\t\t\t\t\t<li class=\"modified-date\">\n\t\t\t\t\t\t\t\t<time class=\"updated\" datetime=\"2025-09-24T01:30:41+00:00\">\n\t\t\tSeptiembre 24, 2025\t\t<\/time>\n\t\t\t\t\t\t\t<\/li>\n\n\t\t\t\t\t\n\t\t\t\t\t\t\t\t\t\t\t<li class=\"meta-author\">\n\t\t\t\t\t\t\t\t\t\t\t\t<span>By<\/span>\n\t\t\n\t\t\t\t\t<img src=\"https:\/\/myforbia.cl\/wp-content\/uploads\/2025\/07\/FORBIA-Logo-Fondos-04-2-copia-1.png\" width=\"32\" height=\"32\" srcset=\"https:\/\/myforbia.cl\/wp-content\/uploads\/2025\/07\/FORBIA-Logo-Fondos-04-2-copia-1.png 2x\" alt=\"Myforbia\" class=\"avatar avatar-32 wp-user-avatar wp-user-avatar-32 alignnone photo\" \/>\t\t\n\t\t<a href=\"https:\/\/myforbia.cl\" class=\"author\" rel=\"author\">Myforbia<\/a>\n\t\t\t\t\t\t\t\t<\/li>\n\t\t\t\t\t\n\t\t\t\t\t\n\t\t\t\t\t\t\t\t\t\t\t<li class=\"meta-reply\">\n\t\t\t\t\t\t\t<a href=\"https:\/\/myforbia.cl\/2025\/09\/23\/andrea-lopez-la-gente-puede-olvidar-la-ropa-pero-nunca-como-la-hiciste-sentir\/#respond\"><span class=\"replies-count\">0<\/span> <span class=\"replies-count-label\">comments<\/span><\/a>\t\t\t\t\t\t<\/li>\n\t\t\t\t\t\t\t\t\t\t\t\t<\/ul>\n\t\t\t\t\t\t<\/div>\n\t\t\t\t\t\t\t\t\t<div class=\"hovered-social-icons wd-tltp\">\n\t\t\t\t\t\t<div class=\"tooltip top\">\n\t\t\t\t\t\t\t<div class=\"tooltip-arrow\"><\/div>\n\t\t\t\t\t\t\t<div class=\"tooltip-inner\">\n\t\t\t\t\t\t\t\t\t\t\t<div id=\"\" class=\" wd-social-icons wd-style-default wd-size-small social-share wd-shape-circle color-scheme-light text-center\">\n\t\t\t\t\n\t\t\t\t\n\t\t\t\t\t\t\t\t\t<a rel=\"noopener noreferrer nofollow\" href=\"https:\/\/www.facebook.com\/sharer\/sharer.php?u=https:\/\/myforbia.cl\/category\/entrevistas-y-columnas\/\" target=\"_blank\" class=\" wd-social-icon social-facebook\" aria-label=\"Facebook social link\">\n\t\t\t\t\t\t<span class=\"wd-icon\"><\/span>\n\t\t\t\t\t\t\t\t\t\t\t<\/a>\n\t\t\t\t\n\t\t\t\t\t\t\t\t\t<a rel=\"noopener noreferrer nofollow\" href=\"https:\/\/x.com\/share?url=https:\/\/myforbia.cl\/category\/entrevistas-y-columnas\/\" target=\"_blank\" class=\" wd-social-icon social-twitter\" aria-label=\"X social link\">\n\t\t\t\t\t\t<span class=\"wd-icon\"><\/span>\n\t\t\t\t\t\t\t\t\t\t\t<\/a>\n\t\t\t\t\n\t\t\t\t\n\t\t\t\t\n\t\t\t\t\n\t\t\t\t\t\t\t\t\t<a rel=\"noopener noreferrer nofollow\" href=\"https:\/\/pinterest.com\/pin\/create\/button\/?url=https:\/\/myforbia.cl\/category\/entrevistas-y-columnas\/&media=https:\/\/myforbia.cl\/wp-content\/uploads\/2025\/09\/alopez-85.jpg&description=Andrea+L%C3%B3pez%3A+%E2%80%9CLa+gente+puede+olvidar+la+ropa%2C+pero+nunca+c%C3%B3mo+la+hiciste+sentir%E2%80%9D.\" target=\"_blank\" class=\" wd-social-icon social-pinterest\" aria-label=\"Pinterest social link\">\n\t\t\t\t\t\t<span class=\"wd-icon\"><\/span>\n\t\t\t\t\t\t\t\t\t\t\t<\/a>\n\t\t\t\t\n\t\t\t\t\n\t\t\t\t\t\t\t\t\t<a rel=\"noopener noreferrer nofollow\" href=\"https:\/\/www.linkedin.com\/shareArticle?mini=true&url=https:\/\/myforbia.cl\/category\/entrevistas-y-columnas\/\" target=\"_blank\" class=\" wd-social-icon social-linkedin\" aria-label=\"Linkedin social link\">\n\t\t\t\t\t\t<span class=\"wd-icon\"><\/span>\n\t\t\t\t\t\t\t\t\t\t\t<\/a>\n\t\t\t\t\n\t\t\t\t\n\t\t\t\t\n\t\t\t\t\n\t\t\t\t\n\t\t\t\t\n\t\t\t\t\n\t\t\t\t\n\t\t\t\t\n\t\t\t\t\n\t\t\t\t\n\t\t\t\t\n\t\t\t\t\n\t\t\t\t\n\t\t\t\t\n\t\t\t\t\n\t\t\t\t\t\t\t\t\t<a rel=\"noopener noreferrer nofollow\" href=\"https:\/\/telegram.me\/share\/url?url=https:\/\/myforbia.cl\/category\/entrevistas-y-columnas\/\" target=\"_blank\" class=\" wd-social-icon social-tg\" aria-label=\"Telegram social link\">\n\t\t\t\t\t\t<span class=\"wd-icon\"><\/span>\n\t\t\t\t\t\t\t\t\t\t\t<\/a>\n\t\t\t\t\n\t\t\t\t\n\t\t\t<\/div>\n\n\t\t\t\t\t\t\t\t\t<\/div>\n\t\t\t\t\t\t<\/div>\n\t\t\t\t\t<\/div>\n\t\t\t\t\t\t\t\n\t\t\t\t\t\t\t\t\t\t\t\t<div class=\"entry-content wd-post-desc\">\n\t\t\t\t\t\tModa distinta con ra\u00edces en La Araucan\u00eda\r\nCon m\u00e1s de 31 mil seguidores en Instagram (@andrea_lopez_boutique) y un estilo aut\u00e9ntico que no pasa desapercibido, muchos creen que esta boutique naci\u00f3 en...\t\t\t\t\t<\/div>\n\t\t\t\t\n\t\t\t\t\t\t\t\t\t\t\t\t\t\t<p class=\"read-more-section\">\n\t\t\t\t\t\t<a class=\"btn-read-more more-link\" href=\"https:\/\/myforbia.cl\/2025\/09\/23\/andrea-lopez-la-gente-puede-olvidar-la-ropa-pero-nunca-como-la-hiciste-sentir\/\">Continue reading<\/a>\t\t\t\t\t<\/p>\n\t\t\t\t\t\t\t\t\t\t\t\t\t<\/div>\n\t<\/div>\n<\/article>\n\n\t\t\t\t\t\t\t\t\t\t\t\n<article id=\"post-17857\" class=\"wd-post blog-design-masonry blog-post-loop blog-style-bg wd-add-shadow wd-col post-17857 post type-post status-publish format-standard has-post-thumbnail hentry category-entrevistas category-mujeres-empresarias\">\n\t<div class=\"article-inner\">\n\t\t<header class=\"entry-header\">\n\t\t\t\t\t\t\t<figure class=\"entry-thumbnail\">\n\t\t\t\t\t\t\t\t\t\t\t<div class=\"post-img-wrapp\">\n\t\t\t\t\t\t\t<a href=\"https:\/\/myforbia.cl\/2025\/09\/15\/mi-nani-servicios-para-el-cuidado-del-hogar-confiables-y-personalizados\/\">\n\t\t\t\t\t\t\t\t<img width=\"1280\" height=\"1920\" src=\"https:\/\/myforbia.cl\/wp-content\/uploads\/2025\/09\/Forbia-1_008.jpg\" class=\"attachment-large size-large\" alt=\"\" decoding=\"async\" srcset=\"https:\/\/myforbia.cl\/wp-content\/uploads\/2025\/09\/Forbia-1_008.jpg 1280w, https:\/\/myforbia.cl\/wp-content\/uploads\/2025\/09\/Forbia-1_008-768x1152.jpg 768w, https:\/\/myforbia.cl\/wp-content\/uploads\/2025\/09\/Forbia-1_008-1024x1536.jpg 1024w, https:\/\/myforbia.cl\/wp-content\/uploads\/2025\/09\/Forbia-1_008-430x645.jpg 430w, https:\/\/myforbia.cl\/wp-content\/uploads\/2025\/09\/Forbia-1_008-700x1050.jpg 700w, https:\/\/myforbia.cl\/wp-content\/uploads\/2025\/09\/Forbia-1_008-150x225.jpg 150w\" sizes=\"(max-width: 1280px) 100vw, 1280px\" \/>\t\t\t\t\t\t\t<\/a>\n\t\t\t\t\t\t<\/div>\n\t\t\t\t\t\t<div class=\"post-image-mask\">\n\t\t\t\t\t\t\t<span><\/span>\n\t\t\t\t\t\t<\/div>\n\t\t\t\t\t\t\t\t\t<\/figure>\n\t\t\t\n\t\t\t\t\t\t<div class=\"wd-post-date wd-style-with-bg\">\n\t\t\t\t<span class=\"post-date-day\">\n\t\t\t\t\t15\t\t\t\t<\/span>\n\t\t\t\t<span class=\"post-date-month\">\n\t\t\t\t\tSep\t\t\t\t<\/span>\n\t\t\t<\/div>\n\t\t\t\t<\/header>\n\n\t\t<div class=\"article-body-container\">\n\t\t\t\t\t\t\t<div class=\"meta-categories-wrapp\">\n\t\t\t\t\t<div class=\"meta-post-categories wd-post-cat wd-style-with-bg\">\n\t\t\t\t\t\t<a href=\"https:\/\/myforbia.cl\/category\/entrevistas-y-columnas\/entrevistas\/\" rel=\"category tag\">Entrevistas<\/a>, <a href=\"https:\/\/myforbia.cl\/category\/empresas\/mujeres-empresarias\/\" rel=\"category tag\">Mujeres empresarias<\/a>\t\t\t\t\t<\/div>\n\t\t\t\t<\/div>\n\t\t\t\n\t\t\t\t\t\t\t<h3 class=\"wd-entities-title title post-title\">\n\t\t\t\t\t<a href=\"https:\/\/myforbia.cl\/2025\/09\/15\/mi-nani-servicios-para-el-cuidado-del-hogar-confiables-y-personalizados\/\" rel=\"bookmark\">Mi Nani, servicios para el cuidado del hogar, confiables y personalizados.<\/a>\n\t\t\t\t<\/h3>\n\t\t\t\n\t\t\t\t\t\t\t<div class=\"entry-meta wd-entry-meta\">\n\t\t\t\t\t\t\t\t<ul class=\"entry-meta-list\">\n\t\t\t\t\t\t\t\t\t<li class=\"modified-date\">\n\t\t\t\t\t\t\t\t<time class=\"updated\" datetime=\"2025-09-15T16:51:58+00:00\">\n\t\t\tSeptiembre 15, 2025\t\t<\/time>\n\t\t\t\t\t\t\t<\/li>\n\n\t\t\t\t\t\n\t\t\t\t\t\t\t\t\t\t\t<li class=\"meta-author\">\n\t\t\t\t\t\t\t\t\t\t\t\t<span>By<\/span>\n\t\t\n\t\t\t\t\t<img src=\"https:\/\/myforbia.cl\/wp-content\/uploads\/2025\/07\/FORBIA-Logo-Fondos-04-2-copia-1.png\" width=\"32\" height=\"32\" srcset=\"https:\/\/myforbia.cl\/wp-content\/uploads\/2025\/07\/FORBIA-Logo-Fondos-04-2-copia-1.png 2x\" alt=\"Myforbia\" class=\"avatar avatar-32 wp-user-avatar wp-user-avatar-32 alignnone photo\" \/>\t\t\n\t\t<a href=\"https:\/\/myforbia.cl\" class=\"author\" rel=\"author\">Myforbia<\/a>\n\t\t\t\t\t\t\t\t<\/li>\n\t\t\t\t\t\n\t\t\t\t\t\n\t\t\t\t\t\t\t\t\t\t\t<li class=\"meta-reply\">\n\t\t\t\t\t\t\t<a href=\"https:\/\/myforbia.cl\/2025\/09\/15\/mi-nani-servicios-para-el-cuidado-del-hogar-confiables-y-personalizados\/#respond\"><span class=\"replies-count\">0<\/span> <span class=\"replies-count-label\">comments<\/span><\/a>\t\t\t\t\t\t<\/li>\n\t\t\t\t\t\t\t\t\t\t\t\t<\/ul>\n\t\t\t\t\t\t<\/div>\n\t\t\t\t\t\t\t\t\t<div class=\"hovered-social-icons wd-tltp\">\n\t\t\t\t\t\t<div class=\"tooltip top\">\n\t\t\t\t\t\t\t<div class=\"tooltip-arrow\"><\/div>\n\t\t\t\t\t\t\t<div class=\"tooltip-inner\">\n\t\t\t\t\t\t\t\t\t\t\t<div id=\"\" class=\" wd-social-icons wd-style-default wd-size-small social-share wd-shape-circle color-scheme-light text-center\">\n\t\t\t\t\n\t\t\t\t\n\t\t\t\t\t\t\t\t\t<a rel=\"noopener noreferrer nofollow\" href=\"https:\/\/www.facebook.com\/sharer\/sharer.php?u=https:\/\/myforbia.cl\/category\/entrevistas-y-columnas\/\" target=\"_blank\" class=\" wd-social-icon social-facebook\" aria-label=\"Facebook social link\">\n\t\t\t\t\t\t<span class=\"wd-icon\"><\/span>\n\t\t\t\t\t\t\t\t\t\t\t<\/a>\n\t\t\t\t\n\t\t\t\t\t\t\t\t\t<a rel=\"noopener noreferrer nofollow\" href=\"https:\/\/x.com\/share?url=https:\/\/myforbia.cl\/category\/entrevistas-y-columnas\/\" target=\"_blank\" class=\" wd-social-icon social-twitter\" aria-label=\"X social link\">\n\t\t\t\t\t\t<span class=\"wd-icon\"><\/span>\n\t\t\t\t\t\t\t\t\t\t\t<\/a>\n\t\t\t\t\n\t\t\t\t\n\t\t\t\t\n\t\t\t\t\n\t\t\t\t\t\t\t\t\t<a rel=\"noopener noreferrer nofollow\" href=\"https:\/\/pinterest.com\/pin\/create\/button\/?url=https:\/\/myforbia.cl\/category\/entrevistas-y-columnas\/&media=https:\/\/myforbia.cl\/wp-content\/uploads\/2025\/09\/Forbia-1_008.jpg&description=Mi+Nani%2C+servicios+para+el+cuidado+del+hogar%2C+confiables+y+personalizados.\" target=\"_blank\" class=\" wd-social-icon social-pinterest\" aria-label=\"Pinterest social link\">\n\t\t\t\t\t\t<span class=\"wd-icon\"><\/span>\n\t\t\t\t\t\t\t\t\t\t\t<\/a>\n\t\t\t\t\n\t\t\t\t\n\t\t\t\t\t\t\t\t\t<a rel=\"noopener noreferrer nofollow\" href=\"https:\/\/www.linkedin.com\/shareArticle?mini=true&url=https:\/\/myforbia.cl\/category\/entrevistas-y-columnas\/\" target=\"_blank\" class=\" wd-social-icon social-linkedin\" aria-label=\"Linkedin social link\">\n\t\t\t\t\t\t<span class=\"wd-icon\"><\/span>\n\t\t\t\t\t\t\t\t\t\t\t<\/a>\n\t\t\t\t\n\t\t\t\t\n\t\t\t\t\n\t\t\t\t\n\t\t\t\t\n\t\t\t\t\n\t\t\t\t\n\t\t\t\t\n\t\t\t\t\n\t\t\t\t\n\t\t\t\t\n\t\t\t\t\n\t\t\t\t\n\t\t\t\t\n\t\t\t\t\n\t\t\t\t\n\t\t\t\t\t\t\t\t\t<a rel=\"noopener noreferrer nofollow\" href=\"https:\/\/telegram.me\/share\/url?url=https:\/\/myforbia.cl\/category\/entrevistas-y-columnas\/\" target=\"_blank\" class=\" wd-social-icon social-tg\" aria-label=\"Telegram social link\">\n\t\t\t\t\t\t<span class=\"wd-icon\"><\/span>\n\t\t\t\t\t\t\t\t\t\t\t<\/a>\n\t\t\t\t\n\t\t\t\t\n\t\t\t<\/div>\n\n\t\t\t\t\t\t\t\t\t<\/div>\n\t\t\t\t\t\t<\/div>\n\t\t\t\t\t<\/div>\n\t\t\t\t\t\t\t\n\t\t\t\t\t\t\t\t\t\t\t\t<div class=\"entry-content wd-post-desc\">\n\t\t\t\t\t\tTuvimos la oportunidad de entrevistar a Andrea Valdivieso, directora de la consultora Mi Nani, empresa que se dedica a reclutar y seleccionar asesoras del hogar, ni\u00f1eras y cuidadoras de adultos...\t\t\t\t\t<\/div>\n\t\t\t\t\n\t\t\t\t\t\t\t\t\t\t\t\t\t\t<p class=\"read-more-section\">\n\t\t\t\t\t\t<a class=\"btn-read-more more-link\" href=\"https:\/\/myforbia.cl\/2025\/09\/15\/mi-nani-servicios-para-el-cuidado-del-hogar-confiables-y-personalizados\/\">Continue reading<\/a>\t\t\t\t\t<\/p>\n\t\t\t\t\t\t\t\t\t\t\t\t\t<\/div>\n\t<\/div>\n<\/article>\n\n\t\t\t\t\t\n\t\t\t\t\t","status":"have-posts","nextPage":"https:\/\/myforbia.cl\/category\/entrevistas-y-columnas\/page\/3\/?woo_ajax=1","currentPage":"https:\/\/myforbia.cl\/category\/entrevistas-y-columnas\/page\/2"}