
			
				

					
				

			
		{"items":"\n\t\t\t\t\t\t\t\t\t\t\t\n<article id=\"post-17938\" class=\"wd-post blog-design-masonry blog-post-loop blog-style-bg wd-add-shadow wd-col post-17938 post type-post status-publish format-standard has-post-thumbnail hentry category-entrevistas category-glamour-y-belleza category-moda\">\n\t<div class=\"article-inner\">\n\t\t<header class=\"entry-header\">\n\t\t\t\t\t\t\t<figure class=\"entry-thumbnail\">\n\t\t\t\t\t\t\t\t\t\t\t<div class=\"post-img-wrapp\">\n\t\t\t\t\t\t\t<a href=\"https:\/\/myforbia.cl\/2025\/10\/14\/carolina-jorquera-la-moda-es-todo-lo-que-a-ti-te-queda-bien-no-lo-que-esta-en-una-vitrina\/\">\n\t\t\t\t\t\t\t\t<img width=\"1707\" height=\"2560\" src=\"https:\/\/myforbia.cl\/wp-content\/uploads\/2025\/10\/Glamb2_125.jpg\" class=\"attachment-large size-large\" alt=\"\" decoding=\"async\" srcset=\"https:\/\/myforbia.cl\/wp-content\/uploads\/2025\/10\/Glamb2_125.jpg 1707w, https:\/\/myforbia.cl\/wp-content\/uploads\/2025\/10\/Glamb2_125-768x1152.jpg 768w, https:\/\/myforbia.cl\/wp-content\/uploads\/2025\/10\/Glamb2_125-1024x1536.jpg 1024w, https:\/\/myforbia.cl\/wp-content\/uploads\/2025\/10\/Glamb2_125-1366x2048.jpg 1366w, https:\/\/myforbia.cl\/wp-content\/uploads\/2025\/10\/Glamb2_125-430x645.jpg 430w, https:\/\/myforbia.cl\/wp-content\/uploads\/2025\/10\/Glamb2_125-700x1050.jpg 700w, https:\/\/myforbia.cl\/wp-content\/uploads\/2025\/10\/Glamb2_125-150x225.jpg 150w\" sizes=\"(max-width: 1707px) 100vw, 1707px\" \/>\t\t\t\t\t\t\t<\/a>\n\t\t\t\t\t\t<\/div>\n\t\t\t\t\t\t<div class=\"post-image-mask\">\n\t\t\t\t\t\t\t<span><\/span>\n\t\t\t\t\t\t<\/div>\n\t\t\t\t\t\t\t\t\t<\/figure>\n\t\t\t\n\t\t\t\t\t\t<div class=\"wd-post-date wd-style-with-bg\">\n\t\t\t\t<span class=\"post-date-day\">\n\t\t\t\t\t14\t\t\t\t<\/span>\n\t\t\t\t<span class=\"post-date-month\">\n\t\t\t\t\tOct\t\t\t\t<\/span>\n\t\t\t<\/div>\n\t\t\t\t<\/header>\n\n\t\t<div class=\"article-body-container\">\n\t\t\t\t\t\t\t<div class=\"meta-categories-wrapp\">\n\t\t\t\t\t<div class=\"meta-post-categories wd-post-cat wd-style-with-bg\">\n\t\t\t\t\t\t<a href=\"https:\/\/myforbia.cl\/category\/entrevistas-y-columnas\/entrevistas\/\" rel=\"category tag\">Entrevistas<\/a>, <a href=\"https:\/\/myforbia.cl\/category\/glamour-y-belleza\/\" rel=\"category tag\">GLAMOUR Y BELLEZA<\/a>, <a href=\"https:\/\/myforbia.cl\/category\/glamour-y-belleza\/moda\/\" rel=\"category tag\">Moda<\/a>\t\t\t\t\t<\/div>\n\t\t\t\t<\/div>\n\t\t\t\n\t\t\t\t\t\t\t<h3 class=\"wd-entities-title title post-title\">\n\t\t\t\t\t<a href=\"https:\/\/myforbia.cl\/2025\/10\/14\/carolina-jorquera-la-moda-es-todo-lo-que-a-ti-te-queda-bien-no-lo-que-esta-en-una-vitrina\/\" rel=\"bookmark\">Carolina Jorquera:  \u201cLa moda es todo lo que a ti te queda bien, no lo que est\u00e1 en\u00a0una\u00a0vitrina\u201d.<\/a>\n\t\t\t\t<\/h3>\n\t\t\t\n\t\t\t\t\t\t\t<div class=\"entry-meta wd-entry-meta\">\n\t\t\t\t\t\t\t\t<ul class=\"entry-meta-list\">\n\t\t\t\t\t\t\t\t\t<li class=\"modified-date\">\n\t\t\t\t\t\t\t\t<time class=\"updated\" datetime=\"2025-10-15T00:02:51+00:00\">\n\t\t\tOctubre 15, 2025\t\t<\/time>\n\t\t\t\t\t\t\t<\/li>\n\n\t\t\t\t\t\n\t\t\t\t\t\t\t\t\t\t\t<li class=\"meta-author\">\n\t\t\t\t\t\t\t\t\t\t\t\t<span>By<\/span>\n\t\t\n\t\t\t\t\t<img src=\"https:\/\/myforbia.cl\/wp-content\/uploads\/2025\/07\/FORBIA-Logo-Fondos-04-2-copia-1.png\" width=\"32\" height=\"32\" srcset=\"https:\/\/myforbia.cl\/wp-content\/uploads\/2025\/07\/FORBIA-Logo-Fondos-04-2-copia-1.png 2x\" alt=\"Myforbia\" class=\"avatar avatar-32 wp-user-avatar wp-user-avatar-32 alignnone photo\" \/>\t\t\n\t\t<a href=\"https:\/\/myforbia.cl\" class=\"author\" rel=\"author\">Myforbia<\/a>\n\t\t\t\t\t\t\t\t<\/li>\n\t\t\t\t\t\n\t\t\t\t\t\n\t\t\t\t\t\t\t\t\t\t\t<li class=\"meta-reply\">\n\t\t\t\t\t\t\t<a href=\"https:\/\/myforbia.cl\/2025\/10\/14\/carolina-jorquera-la-moda-es-todo-lo-que-a-ti-te-queda-bien-no-lo-que-esta-en-una-vitrina\/#respond\"><span class=\"replies-count\">0<\/span> <span class=\"replies-count-label\">comments<\/span><\/a>\t\t\t\t\t\t<\/li>\n\t\t\t\t\t\t\t\t\t\t\t\t<\/ul>\n\t\t\t\t\t\t<\/div>\n\t\t\t\t\t\t\t\t\t<div class=\"hovered-social-icons wd-tltp\">\n\t\t\t\t\t\t<div class=\"tooltip top\">\n\t\t\t\t\t\t\t<div class=\"tooltip-arrow\"><\/div>\n\t\t\t\t\t\t\t<div class=\"tooltip-inner\">\n\t\t\t\t\t\t\t\t\t\t\t<link rel=\"stylesheet\" id=\"wd-social-icons-css\" href=\"https:\/\/myforbia.cl\/wp-content\/themes\/woodmart\/css\/parts\/el-social-icons.min.css?ver=8.0.0\" type=\"text\/css\" media=\"all\" \/> \t\t\t\t\t\t<div id=\"\" class=\" wd-social-icons wd-style-default wd-size-small social-share wd-shape-circle color-scheme-light text-center\">\n\t\t\t\t\n\t\t\t\t\n\t\t\t\t\t\t\t\t\t<a rel=\"noopener noreferrer nofollow\" href=\"https:\/\/www.facebook.com\/sharer\/sharer.php?u=https:\/\/myforbia.cl\/category\/entrevistas-y-columnas\/entrevistas\/\" target=\"_blank\" class=\" wd-social-icon social-facebook\" aria-label=\"Facebook social link\">\n\t\t\t\t\t\t<span class=\"wd-icon\"><\/span>\n\t\t\t\t\t\t\t\t\t\t\t<\/a>\n\t\t\t\t\n\t\t\t\t\t\t\t\t\t<a rel=\"noopener noreferrer nofollow\" href=\"https:\/\/x.com\/share?url=https:\/\/myforbia.cl\/category\/entrevistas-y-columnas\/entrevistas\/\" target=\"_blank\" class=\" wd-social-icon social-twitter\" aria-label=\"X social link\">\n\t\t\t\t\t\t<span class=\"wd-icon\"><\/span>\n\t\t\t\t\t\t\t\t\t\t\t<\/a>\n\t\t\t\t\n\t\t\t\t\n\t\t\t\t\n\t\t\t\t\n\t\t\t\t\t\t\t\t\t<a rel=\"noopener noreferrer nofollow\" href=\"https:\/\/pinterest.com\/pin\/create\/button\/?url=https:\/\/myforbia.cl\/category\/entrevistas-y-columnas\/entrevistas\/&media=https:\/\/myforbia.cl\/wp-content\/uploads\/2025\/10\/Glamb2_125.jpg&description=Carolina+Jorquera%3A++%E2%80%9CLa+moda+es+todo+lo+que+a+ti+te+queda+bien%2C+no+lo+que+est%C3%A1+en%C2%A0una%C2%A0vitrina%E2%80%9D.\" target=\"_blank\" class=\" wd-social-icon social-pinterest\" aria-label=\"Pinterest social link\">\n\t\t\t\t\t\t<span class=\"wd-icon\"><\/span>\n\t\t\t\t\t\t\t\t\t\t\t<\/a>\n\t\t\t\t\n\t\t\t\t\n\t\t\t\t\t\t\t\t\t<a rel=\"noopener noreferrer nofollow\" href=\"https:\/\/www.linkedin.com\/shareArticle?mini=true&url=https:\/\/myforbia.cl\/category\/entrevistas-y-columnas\/entrevistas\/\" target=\"_blank\" class=\" wd-social-icon social-linkedin\" aria-label=\"Linkedin social link\">\n\t\t\t\t\t\t<span class=\"wd-icon\"><\/span>\n\t\t\t\t\t\t\t\t\t\t\t<\/a>\n\t\t\t\t\n\t\t\t\t\n\t\t\t\t\n\t\t\t\t\n\t\t\t\t\n\t\t\t\t\n\t\t\t\t\n\t\t\t\t\n\t\t\t\t\n\t\t\t\t\n\t\t\t\t\n\t\t\t\t\n\t\t\t\t\n\t\t\t\t\n\t\t\t\t\n\t\t\t\t\n\t\t\t\t\t\t\t\t\t<a rel=\"noopener noreferrer nofollow\" href=\"https:\/\/telegram.me\/share\/url?url=https:\/\/myforbia.cl\/category\/entrevistas-y-columnas\/entrevistas\/\" target=\"_blank\" class=\" wd-social-icon social-tg\" aria-label=\"Telegram social link\">\n\t\t\t\t\t\t<span class=\"wd-icon\"><\/span>\n\t\t\t\t\t\t\t\t\t\t\t<\/a>\n\t\t\t\t\n\t\t\t\t\n\t\t\t<\/div>\n\n\t\t\t\t\t\t\t\t\t<\/div>\n\t\t\t\t\t\t<\/div>\n\t\t\t\t\t<\/div>\n\t\t\t\t\t\t\t\n\t\t\t\t\t\t\t\t\t\t\t\t<div class=\"entry-content wd-post-desc\">\n\t\t\t\t\t\tEn esta nueva edici\u00f3n de nuestra revista hemos conversado, largo y tendido, con una figura ic\u00f3nica de la moda: la periodista, coach y fashion expert, Carolina Jorquera. En esta oportunidad...\t\t\t\t\t<\/div>\n\t\t\t\t\n\t\t\t\t\t\t\t\t\t\t\t\t\t\t<p class=\"read-more-section\">\n\t\t\t\t\t\t<a class=\"btn-read-more more-link\" href=\"https:\/\/myforbia.cl\/2025\/10\/14\/carolina-jorquera-la-moda-es-todo-lo-que-a-ti-te-queda-bien-no-lo-que-esta-en-una-vitrina\/\">Continue reading<\/a>\t\t\t\t\t<\/p>\n\t\t\t\t\t\t\t\t\t\t\t\t\t<\/div>\n\t<\/div>\n<\/article>\n\n\t\t\t\t\t\t\t\t\t\t\t\n<article id=\"post-17921\" class=\"wd-post blog-design-masonry blog-post-loop blog-style-bg wd-add-shadow wd-col post-17921 post type-post status-publish format-standard has-post-thumbnail hentry category-entrevistas category-moda category-mujeres-empresarias\">\n\t<div class=\"article-inner\">\n\t\t<header class=\"entry-header\">\n\t\t\t\t\t\t\t<figure class=\"entry-thumbnail\">\n\t\t\t\t\t\t\t\t\t\t\t<div class=\"post-img-wrapp\">\n\t\t\t\t\t\t\t<a href=\"https:\/\/myforbia.cl\/2025\/10\/03\/daniella-constant-capetillo-moda-con-proposito-y-pasion\/\">\n\t\t\t\t\t\t\t\t<img width=\"1920\" height=\"2560\" src=\"https:\/\/myforbia.cl\/wp-content\/uploads\/2025\/10\/IMG_3639.jpeg\" class=\"attachment-large size-large\" alt=\"\" decoding=\"async\" srcset=\"https:\/\/myforbia.cl\/wp-content\/uploads\/2025\/10\/IMG_3639.jpeg 1920w, https:\/\/myforbia.cl\/wp-content\/uploads\/2025\/10\/IMG_3639-768x1024.jpeg 768w, https:\/\/myforbia.cl\/wp-content\/uploads\/2025\/10\/IMG_3639-1152x1536.jpeg 1152w, https:\/\/myforbia.cl\/wp-content\/uploads\/2025\/10\/IMG_3639-1536x2048.jpeg 1536w, https:\/\/myforbia.cl\/wp-content\/uploads\/2025\/10\/IMG_3639-430x573.jpeg 430w, https:\/\/myforbia.cl\/wp-content\/uploads\/2025\/10\/IMG_3639-700x933.jpeg 700w, https:\/\/myforbia.cl\/wp-content\/uploads\/2025\/10\/IMG_3639-150x200.jpeg 150w\" sizes=\"(max-width: 1920px) 100vw, 1920px\" \/>\t\t\t\t\t\t\t<\/a>\n\t\t\t\t\t\t<\/div>\n\t\t\t\t\t\t<div class=\"post-image-mask\">\n\t\t\t\t\t\t\t<span><\/span>\n\t\t\t\t\t\t<\/div>\n\t\t\t\t\t\t\t\t\t<\/figure>\n\t\t\t\n\t\t\t\t\t\t<div class=\"wd-post-date wd-style-with-bg\">\n\t\t\t\t<span class=\"post-date-day\">\n\t\t\t\t\t03\t\t\t\t<\/span>\n\t\t\t\t<span class=\"post-date-month\">\n\t\t\t\t\tOct\t\t\t\t<\/span>\n\t\t\t<\/div>\n\t\t\t\t<\/header>\n\n\t\t<div class=\"article-body-container\">\n\t\t\t\t\t\t\t<div class=\"meta-categories-wrapp\">\n\t\t\t\t\t<div class=\"meta-post-categories wd-post-cat wd-style-with-bg\">\n\t\t\t\t\t\t<a href=\"https:\/\/myforbia.cl\/category\/entrevistas-y-columnas\/entrevistas\/\" rel=\"category tag\">Entrevistas<\/a>, <a href=\"https:\/\/myforbia.cl\/category\/glamour-y-belleza\/moda\/\" rel=\"category tag\">Moda<\/a>, <a href=\"https:\/\/myforbia.cl\/category\/empresas\/mujeres-empresarias\/\" rel=\"category tag\">Mujeres empresarias<\/a>\t\t\t\t\t<\/div>\n\t\t\t\t<\/div>\n\t\t\t\n\t\t\t\t\t\t\t<h3 class=\"wd-entities-title title post-title\">\n\t\t\t\t\t<a href=\"https:\/\/myforbia.cl\/2025\/10\/03\/daniella-constant-capetillo-moda-con-proposito-y-pasion\/\" rel=\"bookmark\">Daniella Constant Capetillo: Moda con prop\u00f3sito y pasi\u00f3n<\/a>\n\t\t\t\t<\/h3>\n\t\t\t\n\t\t\t\t\t\t\t<div class=\"entry-meta wd-entry-meta\">\n\t\t\t\t\t\t\t\t<ul class=\"entry-meta-list\">\n\t\t\t\t\t\t\t\t\t<li class=\"modified-date\">\n\t\t\t\t\t\t\t\t<time class=\"updated\" datetime=\"2025-10-06T13:41:38+00:00\">\n\t\t\tOctubre 6, 2025\t\t<\/time>\n\t\t\t\t\t\t\t<\/li>\n\n\t\t\t\t\t\n\t\t\t\t\t\t\t\t\t\t\t<li class=\"meta-author\">\n\t\t\t\t\t\t\t\t\t\t\t\t<span>By<\/span>\n\t\t\n\t\t\t\t\t<img src=\"https:\/\/myforbia.cl\/wp-content\/uploads\/2025\/07\/FORBIA-Logo-Fondos-04-2-copia-1.png\" width=\"32\" height=\"32\" srcset=\"https:\/\/myforbia.cl\/wp-content\/uploads\/2025\/07\/FORBIA-Logo-Fondos-04-2-copia-1.png 2x\" alt=\"Myforbia\" class=\"avatar avatar-32 wp-user-avatar wp-user-avatar-32 alignnone photo\" \/>\t\t\n\t\t<a href=\"https:\/\/myforbia.cl\" class=\"author\" rel=\"author\">Myforbia<\/a>\n\t\t\t\t\t\t\t\t<\/li>\n\t\t\t\t\t\n\t\t\t\t\t\n\t\t\t\t\t\t\t\t\t\t\t<li class=\"meta-reply\">\n\t\t\t\t\t\t\t<a href=\"https:\/\/myforbia.cl\/2025\/10\/03\/daniella-constant-capetillo-moda-con-proposito-y-pasion\/#respond\"><span class=\"replies-count\">0<\/span> <span class=\"replies-count-label\">comments<\/span><\/a>\t\t\t\t\t\t<\/li>\n\t\t\t\t\t\t\t\t\t\t\t\t<\/ul>\n\t\t\t\t\t\t<\/div>\n\t\t\t\t\t\t\t\t\t<div class=\"hovered-social-icons wd-tltp\">\n\t\t\t\t\t\t<div class=\"tooltip top\">\n\t\t\t\t\t\t\t<div class=\"tooltip-arrow\"><\/div>\n\t\t\t\t\t\t\t<div class=\"tooltip-inner\">\n\t\t\t\t\t\t\t\t\t\t\t<div id=\"\" class=\" wd-social-icons wd-style-default wd-size-small social-share wd-shape-circle color-scheme-light text-center\">\n\t\t\t\t\n\t\t\t\t\n\t\t\t\t\t\t\t\t\t<a rel=\"noopener noreferrer nofollow\" href=\"https:\/\/www.facebook.com\/sharer\/sharer.php?u=https:\/\/myforbia.cl\/category\/entrevistas-y-columnas\/entrevistas\/\" target=\"_blank\" class=\" wd-social-icon social-facebook\" aria-label=\"Facebook social link\">\n\t\t\t\t\t\t<span class=\"wd-icon\"><\/span>\n\t\t\t\t\t\t\t\t\t\t\t<\/a>\n\t\t\t\t\n\t\t\t\t\t\t\t\t\t<a rel=\"noopener noreferrer nofollow\" href=\"https:\/\/x.com\/share?url=https:\/\/myforbia.cl\/category\/entrevistas-y-columnas\/entrevistas\/\" target=\"_blank\" class=\" wd-social-icon social-twitter\" aria-label=\"X social link\">\n\t\t\t\t\t\t<span class=\"wd-icon\"><\/span>\n\t\t\t\t\t\t\t\t\t\t\t<\/a>\n\t\t\t\t\n\t\t\t\t\n\t\t\t\t\n\t\t\t\t\n\t\t\t\t\t\t\t\t\t<a rel=\"noopener noreferrer nofollow\" href=\"https:\/\/pinterest.com\/pin\/create\/button\/?url=https:\/\/myforbia.cl\/category\/entrevistas-y-columnas\/entrevistas\/&media=https:\/\/myforbia.cl\/wp-content\/uploads\/2025\/10\/IMG_3639.jpeg&description=Daniella+Constant+Capetillo%3A+Moda+con+prop%C3%B3sito+y+pasi%C3%B3n\" target=\"_blank\" class=\" wd-social-icon social-pinterest\" aria-label=\"Pinterest social link\">\n\t\t\t\t\t\t<span class=\"wd-icon\"><\/span>\n\t\t\t\t\t\t\t\t\t\t\t<\/a>\n\t\t\t\t\n\t\t\t\t\n\t\t\t\t\t\t\t\t\t<a rel=\"noopener noreferrer nofollow\" href=\"https:\/\/www.linkedin.com\/shareArticle?mini=true&url=https:\/\/myforbia.cl\/category\/entrevistas-y-columnas\/entrevistas\/\" target=\"_blank\" class=\" wd-social-icon social-linkedin\" aria-label=\"Linkedin social link\">\n\t\t\t\t\t\t<span class=\"wd-icon\"><\/span>\n\t\t\t\t\t\t\t\t\t\t\t<\/a>\n\t\t\t\t\n\t\t\t\t\n\t\t\t\t\n\t\t\t\t\n\t\t\t\t\n\t\t\t\t\n\t\t\t\t\n\t\t\t\t\n\t\t\t\t\n\t\t\t\t\n\t\t\t\t\n\t\t\t\t\n\t\t\t\t\n\t\t\t\t\n\t\t\t\t\n\t\t\t\t\n\t\t\t\t\t\t\t\t\t<a rel=\"noopener noreferrer nofollow\" href=\"https:\/\/telegram.me\/share\/url?url=https:\/\/myforbia.cl\/category\/entrevistas-y-columnas\/entrevistas\/\" target=\"_blank\" class=\" wd-social-icon social-tg\" aria-label=\"Telegram social link\">\n\t\t\t\t\t\t<span class=\"wd-icon\"><\/span>\n\t\t\t\t\t\t\t\t\t\t\t<\/a>\n\t\t\t\t\n\t\t\t\t\n\t\t\t<\/div>\n\n\t\t\t\t\t\t\t\t\t<\/div>\n\t\t\t\t\t\t<\/div>\n\t\t\t\t\t<\/div>\n\t\t\t\t\t\t\t\n\t\t\t\t\t\t\t\t\t\t\t\t<div class=\"entry-content wd-post-desc\">\n\t\t\t\t\t\tDesde ni\u00f1a, Daniella supo que la moda no era una simple etapa, sino parte de su identidad. Entre telas, hilos y mu\u00f1ecas Barbie, transformaba ropa vieja en vestidos hechos a...\t\t\t\t\t<\/div>\n\t\t\t\t\n\t\t\t\t\t\t\t\t\t\t\t\t\t\t<p class=\"read-more-section\">\n\t\t\t\t\t\t<a class=\"btn-read-more more-link\" href=\"https:\/\/myforbia.cl\/2025\/10\/03\/daniella-constant-capetillo-moda-con-proposito-y-pasion\/\">Continue reading<\/a>\t\t\t\t\t<\/p>\n\t\t\t\t\t\t\t\t\t\t\t\t\t<\/div>\n\t<\/div>\n<\/article>\n\n\t\t\t\t\t\t\t\t\t\t\t\n<article id=\"post-17916\" class=\"wd-post blog-design-masonry blog-post-loop blog-style-bg wd-add-shadow wd-col post-17916 post type-post status-publish format-standard has-post-thumbnail hentry category-artes category-entrevistas\">\n\t<div class=\"article-inner\">\n\t\t<header class=\"entry-header\">\n\t\t\t\t\t\t\t<figure class=\"entry-thumbnail\">\n\t\t\t\t\t\t\t\t\t\t\t<div class=\"post-img-wrapp\">\n\t\t\t\t\t\t\t<a href=\"https:\/\/myforbia.cl\/2025\/10\/03\/rodrigo-gonzalez-el-jazz-es-libertad-creacion-y-encuentro\/\">\n\t\t\t\t\t\t\t\t<img width=\"1707\" height=\"2560\" src=\"https:\/\/myforbia.cl\/wp-content\/uploads\/2025\/10\/IMG_0018.jpg\" class=\"attachment-large size-large\" alt=\"\" decoding=\"async\" srcset=\"https:\/\/myforbia.cl\/wp-content\/uploads\/2025\/10\/IMG_0018.jpg 1707w, https:\/\/myforbia.cl\/wp-content\/uploads\/2025\/10\/IMG_0018-768x1152.jpg 768w, https:\/\/myforbia.cl\/wp-content\/uploads\/2025\/10\/IMG_0018-1024x1536.jpg 1024w, https:\/\/myforbia.cl\/wp-content\/uploads\/2025\/10\/IMG_0018-1366x2048.jpg 1366w, https:\/\/myforbia.cl\/wp-content\/uploads\/2025\/10\/IMG_0018-430x645.jpg 430w, https:\/\/myforbia.cl\/wp-content\/uploads\/2025\/10\/IMG_0018-700x1050.jpg 700w, https:\/\/myforbia.cl\/wp-content\/uploads\/2025\/10\/IMG_0018-150x225.jpg 150w\" sizes=\"(max-width: 1707px) 100vw, 1707px\" \/>\t\t\t\t\t\t\t<\/a>\n\t\t\t\t\t\t<\/div>\n\t\t\t\t\t\t<div class=\"post-image-mask\">\n\t\t\t\t\t\t\t<span><\/span>\n\t\t\t\t\t\t<\/div>\n\t\t\t\t\t\t\t\t\t<\/figure>\n\t\t\t\n\t\t\t\t\t\t<div class=\"wd-post-date wd-style-with-bg\">\n\t\t\t\t<span class=\"post-date-day\">\n\t\t\t\t\t03\t\t\t\t<\/span>\n\t\t\t\t<span class=\"post-date-month\">\n\t\t\t\t\tOct\t\t\t\t<\/span>\n\t\t\t<\/div>\n\t\t\t\t<\/header>\n\n\t\t<div class=\"article-body-container\">\n\t\t\t\t\t\t\t<div class=\"meta-categories-wrapp\">\n\t\t\t\t\t<div class=\"meta-post-categories wd-post-cat wd-style-with-bg\">\n\t\t\t\t\t\t<a href=\"https:\/\/myforbia.cl\/category\/tendencias\/artes\/\" rel=\"category tag\">Artes y Letras<\/a>, <a href=\"https:\/\/myforbia.cl\/category\/entrevistas-y-columnas\/entrevistas\/\" rel=\"category tag\">Entrevistas<\/a>\t\t\t\t\t<\/div>\n\t\t\t\t<\/div>\n\t\t\t\n\t\t\t\t\t\t\t<h3 class=\"wd-entities-title title post-title\">\n\t\t\t\t\t<a href=\"https:\/\/myforbia.cl\/2025\/10\/03\/rodrigo-gonzalez-el-jazz-es-libertad-creacion-y-encuentro\/\" rel=\"bookmark\">Rodrigo Gonz\u00e1lez: \u201cEl jazz es libertad, creaci\u00f3n y encuentro\u201d.<\/a>\n\t\t\t\t<\/h3>\n\t\t\t\n\t\t\t\t\t\t\t<div class=\"entry-meta wd-entry-meta\">\n\t\t\t\t\t\t\t\t<ul class=\"entry-meta-list\">\n\t\t\t\t\t\t\t\t\t<li class=\"modified-date\">\n\t\t\t\t\t\t\t\t<time class=\"updated\" datetime=\"2025-10-06T13:40:08+00:00\">\n\t\t\tOctubre 6, 2025\t\t<\/time>\n\t\t\t\t\t\t\t<\/li>\n\n\t\t\t\t\t\n\t\t\t\t\t\t\t\t\t\t\t<li class=\"meta-author\">\n\t\t\t\t\t\t\t\t\t\t\t\t<span>By<\/span>\n\t\t\n\t\t\t\t\t<img src=\"https:\/\/myforbia.cl\/wp-content\/uploads\/2025\/07\/FORBIA-Logo-Fondos-04-2-copia-1.png\" width=\"32\" height=\"32\" srcset=\"https:\/\/myforbia.cl\/wp-content\/uploads\/2025\/07\/FORBIA-Logo-Fondos-04-2-copia-1.png 2x\" alt=\"Myforbia\" class=\"avatar avatar-32 wp-user-avatar wp-user-avatar-32 alignnone photo\" \/>\t\t\n\t\t<a href=\"https:\/\/myforbia.cl\" class=\"author\" rel=\"author\">Myforbia<\/a>\n\t\t\t\t\t\t\t\t<\/li>\n\t\t\t\t\t\n\t\t\t\t\t\n\t\t\t\t\t\t\t\t\t\t\t<li class=\"meta-reply\">\n\t\t\t\t\t\t\t<a href=\"https:\/\/myforbia.cl\/2025\/10\/03\/rodrigo-gonzalez-el-jazz-es-libertad-creacion-y-encuentro\/#respond\"><span class=\"replies-count\">0<\/span> <span class=\"replies-count-label\">comments<\/span><\/a>\t\t\t\t\t\t<\/li>\n\t\t\t\t\t\t\t\t\t\t\t\t<\/ul>\n\t\t\t\t\t\t<\/div>\n\t\t\t\t\t\t\t\t\t<div class=\"hovered-social-icons wd-tltp\">\n\t\t\t\t\t\t<div class=\"tooltip top\">\n\t\t\t\t\t\t\t<div class=\"tooltip-arrow\"><\/div>\n\t\t\t\t\t\t\t<div class=\"tooltip-inner\">\n\t\t\t\t\t\t\t\t\t\t\t<div id=\"\" class=\" wd-social-icons wd-style-default wd-size-small social-share wd-shape-circle color-scheme-light text-center\">\n\t\t\t\t\n\t\t\t\t\n\t\t\t\t\t\t\t\t\t<a rel=\"noopener noreferrer nofollow\" href=\"https:\/\/www.facebook.com\/sharer\/sharer.php?u=https:\/\/myforbia.cl\/category\/entrevistas-y-columnas\/entrevistas\/\" target=\"_blank\" class=\" wd-social-icon social-facebook\" aria-label=\"Facebook social link\">\n\t\t\t\t\t\t<span class=\"wd-icon\"><\/span>\n\t\t\t\t\t\t\t\t\t\t\t<\/a>\n\t\t\t\t\n\t\t\t\t\t\t\t\t\t<a rel=\"noopener noreferrer nofollow\" href=\"https:\/\/x.com\/share?url=https:\/\/myforbia.cl\/category\/entrevistas-y-columnas\/entrevistas\/\" target=\"_blank\" class=\" wd-social-icon social-twitter\" aria-label=\"X social link\">\n\t\t\t\t\t\t<span class=\"wd-icon\"><\/span>\n\t\t\t\t\t\t\t\t\t\t\t<\/a>\n\t\t\t\t\n\t\t\t\t\n\t\t\t\t\n\t\t\t\t\n\t\t\t\t\t\t\t\t\t<a rel=\"noopener noreferrer nofollow\" href=\"https:\/\/pinterest.com\/pin\/create\/button\/?url=https:\/\/myforbia.cl\/category\/entrevistas-y-columnas\/entrevistas\/&media=https:\/\/myforbia.cl\/wp-content\/uploads\/2025\/10\/IMG_0018.jpg&description=Rodrigo+Gonz%C3%A1lez%3A+%E2%80%9CEl+jazz+es+libertad%2C+creaci%C3%B3n+y+encuentro%E2%80%9D.\" target=\"_blank\" class=\" wd-social-icon social-pinterest\" aria-label=\"Pinterest social link\">\n\t\t\t\t\t\t<span class=\"wd-icon\"><\/span>\n\t\t\t\t\t\t\t\t\t\t\t<\/a>\n\t\t\t\t\n\t\t\t\t\n\t\t\t\t\t\t\t\t\t<a rel=\"noopener noreferrer nofollow\" href=\"https:\/\/www.linkedin.com\/shareArticle?mini=true&url=https:\/\/myforbia.cl\/category\/entrevistas-y-columnas\/entrevistas\/\" target=\"_blank\" class=\" wd-social-icon social-linkedin\" aria-label=\"Linkedin social link\">\n\t\t\t\t\t\t<span class=\"wd-icon\"><\/span>\n\t\t\t\t\t\t\t\t\t\t\t<\/a>\n\t\t\t\t\n\t\t\t\t\n\t\t\t\t\n\t\t\t\t\n\t\t\t\t\n\t\t\t\t\n\t\t\t\t\n\t\t\t\t\n\t\t\t\t\n\t\t\t\t\n\t\t\t\t\n\t\t\t\t\n\t\t\t\t\n\t\t\t\t\n\t\t\t\t\n\t\t\t\t\n\t\t\t\t\t\t\t\t\t<a rel=\"noopener noreferrer nofollow\" href=\"https:\/\/telegram.me\/share\/url?url=https:\/\/myforbia.cl\/category\/entrevistas-y-columnas\/entrevistas\/\" target=\"_blank\" class=\" wd-social-icon social-tg\" aria-label=\"Telegram social link\">\n\t\t\t\t\t\t<span class=\"wd-icon\"><\/span>\n\t\t\t\t\t\t\t\t\t\t\t<\/a>\n\t\t\t\t\n\t\t\t\t\n\t\t\t<\/div>\n\n\t\t\t\t\t\t\t\t\t<\/div>\n\t\t\t\t\t\t<\/div>\n\t\t\t\t\t<\/div>\n\t\t\t\t\t\t\t\n\t\t\t\t\t\t\t\t\t\t\t\t<div class=\"entry-content wd-post-desc\">\n\t\t\t\t\t\tCuando Rodrigo Gonz\u00e1lez habla de jazz, lo hace con la calma de quien ha transitado diversos escenarios y con la pasi\u00f3n de quien sigue sorprendi\u00e9ndose con cada acorde. Aunque uno...\t\t\t\t\t<\/div>\n\t\t\t\t\n\t\t\t\t\t\t\t\t\t\t\t\t\t\t<p class=\"read-more-section\">\n\t\t\t\t\t\t<a class=\"btn-read-more more-link\" href=\"https:\/\/myforbia.cl\/2025\/10\/03\/rodrigo-gonzalez-el-jazz-es-libertad-creacion-y-encuentro\/\">Continue reading<\/a>\t\t\t\t\t<\/p>\n\t\t\t\t\t\t\t\t\t\t\t\t\t<\/div>\n\t<\/div>\n<\/article>\n\n\t\t\t\t\t\t\t\t\t\t\t\n<article id=\"post-17879\" class=\"wd-post blog-design-masonry blog-post-loop blog-style-bg wd-add-shadow wd-col post-17879 post type-post status-publish format-standard has-post-thumbnail hentry category-empresas category-entrevistas category-entrevistas-y-columnas category-mujeres-empresarias\">\n\t<div class=\"article-inner\">\n\t\t<header class=\"entry-header\">\n\t\t\t\t\t\t\t<figure class=\"entry-thumbnail\">\n\t\t\t\t\t\t\t\t\t\t\t<div class=\"post-img-wrapp\">\n\t\t\t\t\t\t\t<a href=\"https:\/\/myforbia.cl\/2025\/09\/23\/andrea-lopez-la-gente-puede-olvidar-la-ropa-pero-nunca-como-la-hiciste-sentir\/\">\n\t\t\t\t\t\t\t\t<img width=\"1695\" height=\"2560\" src=\"https:\/\/myforbia.cl\/wp-content\/uploads\/2025\/09\/alopez-85.jpg\" class=\"attachment-large size-large\" alt=\"\" decoding=\"async\" srcset=\"https:\/\/myforbia.cl\/wp-content\/uploads\/2025\/09\/alopez-85.jpg 1695w, https:\/\/myforbia.cl\/wp-content\/uploads\/2025\/09\/alopez-85-768x1160.jpg 768w, https:\/\/myforbia.cl\/wp-content\/uploads\/2025\/09\/alopez-85-1017x1536.jpg 1017w, https:\/\/myforbia.cl\/wp-content\/uploads\/2025\/09\/alopez-85-1356x2048.jpg 1356w, https:\/\/myforbia.cl\/wp-content\/uploads\/2025\/09\/alopez-85-430x649.jpg 430w, https:\/\/myforbia.cl\/wp-content\/uploads\/2025\/09\/alopez-85-700x1057.jpg 700w, https:\/\/myforbia.cl\/wp-content\/uploads\/2025\/09\/alopez-85-150x227.jpg 150w\" sizes=\"(max-width: 1695px) 100vw, 1695px\" \/>\t\t\t\t\t\t\t<\/a>\n\t\t\t\t\t\t<\/div>\n\t\t\t\t\t\t<div class=\"post-image-mask\">\n\t\t\t\t\t\t\t<span><\/span>\n\t\t\t\t\t\t<\/div>\n\t\t\t\t\t\t\t\t\t<\/figure>\n\t\t\t\n\t\t\t\t\t\t<div class=\"wd-post-date wd-style-with-bg\">\n\t\t\t\t<span class=\"post-date-day\">\n\t\t\t\t\t23\t\t\t\t<\/span>\n\t\t\t\t<span class=\"post-date-month\">\n\t\t\t\t\tSep\t\t\t\t<\/span>\n\t\t\t<\/div>\n\t\t\t\t<\/header>\n\n\t\t<div class=\"article-body-container\">\n\t\t\t\t\t\t\t<div class=\"meta-categories-wrapp\">\n\t\t\t\t\t<div class=\"meta-post-categories wd-post-cat wd-style-with-bg\">\n\t\t\t\t\t\t<a href=\"https:\/\/myforbia.cl\/category\/empresas\/\" rel=\"category tag\">EMPRESAS<\/a>, <a href=\"https:\/\/myforbia.cl\/category\/entrevistas-y-columnas\/entrevistas\/\" rel=\"category tag\">Entrevistas<\/a>, <a href=\"https:\/\/myforbia.cl\/category\/entrevistas-y-columnas\/\" rel=\"category tag\">ENTREVISTAS Y COLUMNAS<\/a>, <a href=\"https:\/\/myforbia.cl\/category\/empresas\/mujeres-empresarias\/\" rel=\"category tag\">Mujeres empresarias<\/a>\t\t\t\t\t<\/div>\n\t\t\t\t<\/div>\n\t\t\t\n\t\t\t\t\t\t\t<h3 class=\"wd-entities-title title post-title\">\n\t\t\t\t\t<a href=\"https:\/\/myforbia.cl\/2025\/09\/23\/andrea-lopez-la-gente-puede-olvidar-la-ropa-pero-nunca-como-la-hiciste-sentir\/\" rel=\"bookmark\">Andrea L\u00f3pez: \u201cLa gente puede olvidar la ropa, pero nunca c\u00f3mo la hiciste sentir\u201d.<\/a>\n\t\t\t\t<\/h3>\n\t\t\t\n\t\t\t\t\t\t\t<div class=\"entry-meta wd-entry-meta\">\n\t\t\t\t\t\t\t\t<ul class=\"entry-meta-list\">\n\t\t\t\t\t\t\t\t\t<li class=\"modified-date\">\n\t\t\t\t\t\t\t\t<time class=\"updated\" datetime=\"2025-09-24T01:30:41+00:00\">\n\t\t\tSeptiembre 24, 2025\t\t<\/time>\n\t\t\t\t\t\t\t<\/li>\n\n\t\t\t\t\t\n\t\t\t\t\t\t\t\t\t\t\t<li class=\"meta-author\">\n\t\t\t\t\t\t\t\t\t\t\t\t<span>By<\/span>\n\t\t\n\t\t\t\t\t<img src=\"https:\/\/myforbia.cl\/wp-content\/uploads\/2025\/07\/FORBIA-Logo-Fondos-04-2-copia-1.png\" width=\"32\" height=\"32\" srcset=\"https:\/\/myforbia.cl\/wp-content\/uploads\/2025\/07\/FORBIA-Logo-Fondos-04-2-copia-1.png 2x\" alt=\"Myforbia\" class=\"avatar avatar-32 wp-user-avatar wp-user-avatar-32 alignnone photo\" \/>\t\t\n\t\t<a href=\"https:\/\/myforbia.cl\" class=\"author\" rel=\"author\">Myforbia<\/a>\n\t\t\t\t\t\t\t\t<\/li>\n\t\t\t\t\t\n\t\t\t\t\t\n\t\t\t\t\t\t\t\t\t\t\t<li class=\"meta-reply\">\n\t\t\t\t\t\t\t<a href=\"https:\/\/myforbia.cl\/2025\/09\/23\/andrea-lopez-la-gente-puede-olvidar-la-ropa-pero-nunca-como-la-hiciste-sentir\/#respond\"><span class=\"replies-count\">0<\/span> <span class=\"replies-count-label\">comments<\/span><\/a>\t\t\t\t\t\t<\/li>\n\t\t\t\t\t\t\t\t\t\t\t\t<\/ul>\n\t\t\t\t\t\t<\/div>\n\t\t\t\t\t\t\t\t\t<div class=\"hovered-social-icons wd-tltp\">\n\t\t\t\t\t\t<div class=\"tooltip top\">\n\t\t\t\t\t\t\t<div class=\"tooltip-arrow\"><\/div>\n\t\t\t\t\t\t\t<div class=\"tooltip-inner\">\n\t\t\t\t\t\t\t\t\t\t\t<div id=\"\" class=\" wd-social-icons wd-style-default wd-size-small social-share wd-shape-circle color-scheme-light text-center\">\n\t\t\t\t\n\t\t\t\t\n\t\t\t\t\t\t\t\t\t<a rel=\"noopener noreferrer nofollow\" href=\"https:\/\/www.facebook.com\/sharer\/sharer.php?u=https:\/\/myforbia.cl\/category\/entrevistas-y-columnas\/entrevistas\/\" target=\"_blank\" class=\" wd-social-icon social-facebook\" aria-label=\"Facebook social link\">\n\t\t\t\t\t\t<span class=\"wd-icon\"><\/span>\n\t\t\t\t\t\t\t\t\t\t\t<\/a>\n\t\t\t\t\n\t\t\t\t\t\t\t\t\t<a rel=\"noopener noreferrer nofollow\" href=\"https:\/\/x.com\/share?url=https:\/\/myforbia.cl\/category\/entrevistas-y-columnas\/entrevistas\/\" target=\"_blank\" class=\" wd-social-icon social-twitter\" aria-label=\"X social link\">\n\t\t\t\t\t\t<span class=\"wd-icon\"><\/span>\n\t\t\t\t\t\t\t\t\t\t\t<\/a>\n\t\t\t\t\n\t\t\t\t\n\t\t\t\t\n\t\t\t\t\n\t\t\t\t\t\t\t\t\t<a rel=\"noopener noreferrer nofollow\" href=\"https:\/\/pinterest.com\/pin\/create\/button\/?url=https:\/\/myforbia.cl\/category\/entrevistas-y-columnas\/entrevistas\/&media=https:\/\/myforbia.cl\/wp-content\/uploads\/2025\/09\/alopez-85.jpg&description=Andrea+L%C3%B3pez%3A+%E2%80%9CLa+gente+puede+olvidar+la+ropa%2C+pero+nunca+c%C3%B3mo+la+hiciste+sentir%E2%80%9D.\" target=\"_blank\" class=\" wd-social-icon social-pinterest\" aria-label=\"Pinterest social link\">\n\t\t\t\t\t\t<span class=\"wd-icon\"><\/span>\n\t\t\t\t\t\t\t\t\t\t\t<\/a>\n\t\t\t\t\n\t\t\t\t\n\t\t\t\t\t\t\t\t\t<a rel=\"noopener noreferrer nofollow\" href=\"https:\/\/www.linkedin.com\/shareArticle?mini=true&url=https:\/\/myforbia.cl\/category\/entrevistas-y-columnas\/entrevistas\/\" target=\"_blank\" class=\" wd-social-icon social-linkedin\" aria-label=\"Linkedin social link\">\n\t\t\t\t\t\t<span class=\"wd-icon\"><\/span>\n\t\t\t\t\t\t\t\t\t\t\t<\/a>\n\t\t\t\t\n\t\t\t\t\n\t\t\t\t\n\t\t\t\t\n\t\t\t\t\n\t\t\t\t\n\t\t\t\t\n\t\t\t\t\n\t\t\t\t\n\t\t\t\t\n\t\t\t\t\n\t\t\t\t\n\t\t\t\t\n\t\t\t\t\n\t\t\t\t\n\t\t\t\t\n\t\t\t\t\t\t\t\t\t<a rel=\"noopener noreferrer nofollow\" href=\"https:\/\/telegram.me\/share\/url?url=https:\/\/myforbia.cl\/category\/entrevistas-y-columnas\/entrevistas\/\" target=\"_blank\" class=\" wd-social-icon social-tg\" aria-label=\"Telegram social link\">\n\t\t\t\t\t\t<span class=\"wd-icon\"><\/span>\n\t\t\t\t\t\t\t\t\t\t\t<\/a>\n\t\t\t\t\n\t\t\t\t\n\t\t\t<\/div>\n\n\t\t\t\t\t\t\t\t\t<\/div>\n\t\t\t\t\t\t<\/div>\n\t\t\t\t\t<\/div>\n\t\t\t\t\t\t\t\n\t\t\t\t\t\t\t\t\t\t\t\t<div class=\"entry-content wd-post-desc\">\n\t\t\t\t\t\tModa distinta con ra\u00edces en La Araucan\u00eda\r\nCon m\u00e1s de 31 mil seguidores en Instagram (@andrea_lopez_boutique) y un estilo aut\u00e9ntico que no pasa desapercibido, muchos creen que esta boutique naci\u00f3 en...\t\t\t\t\t<\/div>\n\t\t\t\t\n\t\t\t\t\t\t\t\t\t\t\t\t\t\t<p class=\"read-more-section\">\n\t\t\t\t\t\t<a class=\"btn-read-more more-link\" href=\"https:\/\/myforbia.cl\/2025\/09\/23\/andrea-lopez-la-gente-puede-olvidar-la-ropa-pero-nunca-como-la-hiciste-sentir\/\">Continue reading<\/a>\t\t\t\t\t<\/p>\n\t\t\t\t\t\t\t\t\t\t\t\t\t<\/div>\n\t<\/div>\n<\/article>\n\n\t\t\t\t\t\t\t\t\t\t\t\n<article id=\"post-17857\" class=\"wd-post blog-design-masonry blog-post-loop blog-style-bg wd-add-shadow wd-col post-17857 post type-post status-publish format-standard has-post-thumbnail hentry category-entrevistas category-mujeres-empresarias\">\n\t<div class=\"article-inner\">\n\t\t<header class=\"entry-header\">\n\t\t\t\t\t\t\t<figure class=\"entry-thumbnail\">\n\t\t\t\t\t\t\t\t\t\t\t<div class=\"post-img-wrapp\">\n\t\t\t\t\t\t\t<a href=\"https:\/\/myforbia.cl\/2025\/09\/15\/mi-nani-servicios-para-el-cuidado-del-hogar-confiables-y-personalizados\/\">\n\t\t\t\t\t\t\t\t<img width=\"1280\" height=\"1920\" src=\"https:\/\/myforbia.cl\/wp-content\/uploads\/2025\/09\/Forbia-1_008.jpg\" class=\"attachment-large size-large\" alt=\"\" decoding=\"async\" srcset=\"https:\/\/myforbia.cl\/wp-content\/uploads\/2025\/09\/Forbia-1_008.jpg 1280w, https:\/\/myforbia.cl\/wp-content\/uploads\/2025\/09\/Forbia-1_008-768x1152.jpg 768w, https:\/\/myforbia.cl\/wp-content\/uploads\/2025\/09\/Forbia-1_008-1024x1536.jpg 1024w, https:\/\/myforbia.cl\/wp-content\/uploads\/2025\/09\/Forbia-1_008-430x645.jpg 430w, https:\/\/myforbia.cl\/wp-content\/uploads\/2025\/09\/Forbia-1_008-700x1050.jpg 700w, https:\/\/myforbia.cl\/wp-content\/uploads\/2025\/09\/Forbia-1_008-150x225.jpg 150w\" sizes=\"(max-width: 1280px) 100vw, 1280px\" \/>\t\t\t\t\t\t\t<\/a>\n\t\t\t\t\t\t<\/div>\n\t\t\t\t\t\t<div class=\"post-image-mask\">\n\t\t\t\t\t\t\t<span><\/span>\n\t\t\t\t\t\t<\/div>\n\t\t\t\t\t\t\t\t\t<\/figure>\n\t\t\t\n\t\t\t\t\t\t<div class=\"wd-post-date wd-style-with-bg\">\n\t\t\t\t<span class=\"post-date-day\">\n\t\t\t\t\t15\t\t\t\t<\/span>\n\t\t\t\t<span class=\"post-date-month\">\n\t\t\t\t\tSep\t\t\t\t<\/span>\n\t\t\t<\/div>\n\t\t\t\t<\/header>\n\n\t\t<div class=\"article-body-container\">\n\t\t\t\t\t\t\t<div class=\"meta-categories-wrapp\">\n\t\t\t\t\t<div class=\"meta-post-categories wd-post-cat wd-style-with-bg\">\n\t\t\t\t\t\t<a href=\"https:\/\/myforbia.cl\/category\/entrevistas-y-columnas\/entrevistas\/\" rel=\"category tag\">Entrevistas<\/a>, <a href=\"https:\/\/myforbia.cl\/category\/empresas\/mujeres-empresarias\/\" rel=\"category tag\">Mujeres empresarias<\/a>\t\t\t\t\t<\/div>\n\t\t\t\t<\/div>\n\t\t\t\n\t\t\t\t\t\t\t<h3 class=\"wd-entities-title title post-title\">\n\t\t\t\t\t<a href=\"https:\/\/myforbia.cl\/2025\/09\/15\/mi-nani-servicios-para-el-cuidado-del-hogar-confiables-y-personalizados\/\" rel=\"bookmark\">Mi Nani, servicios para el cuidado del hogar, confiables y personalizados.<\/a>\n\t\t\t\t<\/h3>\n\t\t\t\n\t\t\t\t\t\t\t<div class=\"entry-meta wd-entry-meta\">\n\t\t\t\t\t\t\t\t<ul class=\"entry-meta-list\">\n\t\t\t\t\t\t\t\t\t<li class=\"modified-date\">\n\t\t\t\t\t\t\t\t<time class=\"updated\" datetime=\"2025-09-15T16:51:58+00:00\">\n\t\t\tSeptiembre 15, 2025\t\t<\/time>\n\t\t\t\t\t\t\t<\/li>\n\n\t\t\t\t\t\n\t\t\t\t\t\t\t\t\t\t\t<li class=\"meta-author\">\n\t\t\t\t\t\t\t\t\t\t\t\t<span>By<\/span>\n\t\t\n\t\t\t\t\t<img src=\"https:\/\/myforbia.cl\/wp-content\/uploads\/2025\/07\/FORBIA-Logo-Fondos-04-2-copia-1.png\" width=\"32\" height=\"32\" srcset=\"https:\/\/myforbia.cl\/wp-content\/uploads\/2025\/07\/FORBIA-Logo-Fondos-04-2-copia-1.png 2x\" alt=\"Myforbia\" class=\"avatar avatar-32 wp-user-avatar wp-user-avatar-32 alignnone photo\" \/>\t\t\n\t\t<a href=\"https:\/\/myforbia.cl\" class=\"author\" rel=\"author\">Myforbia<\/a>\n\t\t\t\t\t\t\t\t<\/li>\n\t\t\t\t\t\n\t\t\t\t\t\n\t\t\t\t\t\t\t\t\t\t\t<li class=\"meta-reply\">\n\t\t\t\t\t\t\t<a href=\"https:\/\/myforbia.cl\/2025\/09\/15\/mi-nani-servicios-para-el-cuidado-del-hogar-confiables-y-personalizados\/#respond\"><span class=\"replies-count\">0<\/span> <span class=\"replies-count-label\">comments<\/span><\/a>\t\t\t\t\t\t<\/li>\n\t\t\t\t\t\t\t\t\t\t\t\t<\/ul>\n\t\t\t\t\t\t<\/div>\n\t\t\t\t\t\t\t\t\t<div class=\"hovered-social-icons wd-tltp\">\n\t\t\t\t\t\t<div class=\"tooltip top\">\n\t\t\t\t\t\t\t<div class=\"tooltip-arrow\"><\/div>\n\t\t\t\t\t\t\t<div class=\"tooltip-inner\">\n\t\t\t\t\t\t\t\t\t\t\t<div id=\"\" class=\" wd-social-icons wd-style-default wd-size-small social-share wd-shape-circle color-scheme-light text-center\">\n\t\t\t\t\n\t\t\t\t\n\t\t\t\t\t\t\t\t\t<a rel=\"noopener noreferrer nofollow\" href=\"https:\/\/www.facebook.com\/sharer\/sharer.php?u=https:\/\/myforbia.cl\/category\/entrevistas-y-columnas\/entrevistas\/\" target=\"_blank\" class=\" wd-social-icon social-facebook\" aria-label=\"Facebook social link\">\n\t\t\t\t\t\t<span class=\"wd-icon\"><\/span>\n\t\t\t\t\t\t\t\t\t\t\t<\/a>\n\t\t\t\t\n\t\t\t\t\t\t\t\t\t<a rel=\"noopener noreferrer nofollow\" href=\"https:\/\/x.com\/share?url=https:\/\/myforbia.cl\/category\/entrevistas-y-columnas\/entrevistas\/\" target=\"_blank\" class=\" wd-social-icon social-twitter\" aria-label=\"X social link\">\n\t\t\t\t\t\t<span class=\"wd-icon\"><\/span>\n\t\t\t\t\t\t\t\t\t\t\t<\/a>\n\t\t\t\t\n\t\t\t\t\n\t\t\t\t\n\t\t\t\t\n\t\t\t\t\t\t\t\t\t<a rel=\"noopener noreferrer nofollow\" href=\"https:\/\/pinterest.com\/pin\/create\/button\/?url=https:\/\/myforbia.cl\/category\/entrevistas-y-columnas\/entrevistas\/&media=https:\/\/myforbia.cl\/wp-content\/uploads\/2025\/09\/Forbia-1_008.jpg&description=Mi+Nani%2C+servicios+para+el+cuidado+del+hogar%2C+confiables+y+personalizados.\" target=\"_blank\" class=\" wd-social-icon social-pinterest\" aria-label=\"Pinterest social link\">\n\t\t\t\t\t\t<span class=\"wd-icon\"><\/span>\n\t\t\t\t\t\t\t\t\t\t\t<\/a>\n\t\t\t\t\n\t\t\t\t\n\t\t\t\t\t\t\t\t\t<a rel=\"noopener noreferrer nofollow\" href=\"https:\/\/www.linkedin.com\/shareArticle?mini=true&url=https:\/\/myforbia.cl\/category\/entrevistas-y-columnas\/entrevistas\/\" target=\"_blank\" class=\" wd-social-icon social-linkedin\" aria-label=\"Linkedin social link\">\n\t\t\t\t\t\t<span class=\"wd-icon\"><\/span>\n\t\t\t\t\t\t\t\t\t\t\t<\/a>\n\t\t\t\t\n\t\t\t\t\n\t\t\t\t\n\t\t\t\t\n\t\t\t\t\n\t\t\t\t\n\t\t\t\t\n\t\t\t\t\n\t\t\t\t\n\t\t\t\t\n\t\t\t\t\n\t\t\t\t\n\t\t\t\t\n\t\t\t\t\n\t\t\t\t\n\t\t\t\t\n\t\t\t\t\t\t\t\t\t<a rel=\"noopener noreferrer nofollow\" href=\"https:\/\/telegram.me\/share\/url?url=https:\/\/myforbia.cl\/category\/entrevistas-y-columnas\/entrevistas\/\" target=\"_blank\" class=\" wd-social-icon social-tg\" aria-label=\"Telegram social link\">\n\t\t\t\t\t\t<span class=\"wd-icon\"><\/span>\n\t\t\t\t\t\t\t\t\t\t\t<\/a>\n\t\t\t\t\n\t\t\t\t\n\t\t\t<\/div>\n\n\t\t\t\t\t\t\t\t\t<\/div>\n\t\t\t\t\t\t<\/div>\n\t\t\t\t\t<\/div>\n\t\t\t\t\t\t\t\n\t\t\t\t\t\t\t\t\t\t\t\t<div class=\"entry-content wd-post-desc\">\n\t\t\t\t\t\tTuvimos la oportunidad de entrevistar a Andrea Valdivieso, directora de la consultora Mi Nani, empresa que se dedica a reclutar y seleccionar asesoras del hogar, ni\u00f1eras y cuidadoras de adultos...\t\t\t\t\t<\/div>\n\t\t\t\t\n\t\t\t\t\t\t\t\t\t\t\t\t\t\t<p class=\"read-more-section\">\n\t\t\t\t\t\t<a class=\"btn-read-more more-link\" href=\"https:\/\/myforbia.cl\/2025\/09\/15\/mi-nani-servicios-para-el-cuidado-del-hogar-confiables-y-personalizados\/\">Continue reading<\/a>\t\t\t\t\t<\/p>\n\t\t\t\t\t\t\t\t\t\t\t\t\t<\/div>\n\t<\/div>\n<\/article>\n\n\t\t\t\t\t\t\t\t\t\t\t\n<article id=\"post-17853\" class=\"wd-post blog-design-masonry blog-post-loop blog-style-bg wd-add-shadow wd-col post-17853 post type-post status-publish format-standard has-post-thumbnail hentry category-entrevistas category-skin-care-hair\">\n\t<div class=\"article-inner\">\n\t\t<header class=\"entry-header\">\n\t\t\t\t\t\t\t<figure class=\"entry-thumbnail\">\n\t\t\t\t\t\t\t\t\t\t\t<div class=\"post-img-wrapp\">\n\t\t\t\t\t\t\t<a href=\"https:\/\/myforbia.cl\/2025\/09\/15\/belleza-con-ciencia-y-arte-la-nueva-mirada-de-la-estetica\/\">\n\t\t\t\t\t\t\t\t<img width=\"1440\" height=\"2560\" src=\"https:\/\/myforbia.cl\/wp-content\/uploads\/2025\/09\/fz3.jpg\" class=\"attachment-large size-large\" alt=\"\" decoding=\"async\" srcset=\"https:\/\/myforbia.cl\/wp-content\/uploads\/2025\/09\/fz3.jpg 1440w, https:\/\/myforbia.cl\/wp-content\/uploads\/2025\/09\/fz3-768x1365.jpg 768w, https:\/\/myforbia.cl\/wp-content\/uploads\/2025\/09\/fz3-864x1536.jpg 864w, https:\/\/myforbia.cl\/wp-content\/uploads\/2025\/09\/fz3-1152x2048.jpg 1152w, https:\/\/myforbia.cl\/wp-content\/uploads\/2025\/09\/fz3-430x764.jpg 430w, https:\/\/myforbia.cl\/wp-content\/uploads\/2025\/09\/fz3-700x1244.jpg 700w, https:\/\/myforbia.cl\/wp-content\/uploads\/2025\/09\/fz3-150x267.jpg 150w\" sizes=\"(max-width: 1440px) 100vw, 1440px\" \/>\t\t\t\t\t\t\t<\/a>\n\t\t\t\t\t\t<\/div>\n\t\t\t\t\t\t<div class=\"post-image-mask\">\n\t\t\t\t\t\t\t<span><\/span>\n\t\t\t\t\t\t<\/div>\n\t\t\t\t\t\t\t\t\t<\/figure>\n\t\t\t\n\t\t\t\t\t\t<div class=\"wd-post-date wd-style-with-bg\">\n\t\t\t\t<span class=\"post-date-day\">\n\t\t\t\t\t15\t\t\t\t<\/span>\n\t\t\t\t<span class=\"post-date-month\">\n\t\t\t\t\tSep\t\t\t\t<\/span>\n\t\t\t<\/div>\n\t\t\t\t<\/header>\n\n\t\t<div class=\"article-body-container\">\n\t\t\t\t\t\t\t<div class=\"meta-categories-wrapp\">\n\t\t\t\t\t<div class=\"meta-post-categories wd-post-cat wd-style-with-bg\">\n\t\t\t\t\t\t<a href=\"https:\/\/myforbia.cl\/category\/entrevistas-y-columnas\/entrevistas\/\" rel=\"category tag\">Entrevistas<\/a>, <a href=\"https:\/\/myforbia.cl\/category\/glamour-y-belleza\/skin-care-hair\/\" rel=\"category tag\">Skin care &amp; hair<\/a>\t\t\t\t\t<\/div>\n\t\t\t\t<\/div>\n\t\t\t\n\t\t\t\t\t\t\t<h3 class=\"wd-entities-title title post-title\">\n\t\t\t\t\t<a href=\"https:\/\/myforbia.cl\/2025\/09\/15\/belleza-con-ciencia-y-arte-la-nueva-mirada-de-la-estetica\/\" rel=\"bookmark\">Belleza con ciencia y arte: la nueva mirada de la est\u00e9tica.<\/a>\n\t\t\t\t<\/h3>\n\t\t\t\n\t\t\t\t\t\t\t<div class=\"entry-meta wd-entry-meta\">\n\t\t\t\t\t\t\t\t<ul class=\"entry-meta-list\">\n\t\t\t\t\t\t\t\t\t<li class=\"modified-date\">\n\t\t\t\t\t\t\t\t<time class=\"updated\" datetime=\"2025-09-15T16:48:11+00:00\">\n\t\t\tSeptiembre 15, 2025\t\t<\/time>\n\t\t\t\t\t\t\t<\/li>\n\n\t\t\t\t\t\n\t\t\t\t\t\t\t\t\t\t\t<li class=\"meta-author\">\n\t\t\t\t\t\t\t\t\t\t\t\t<span>By<\/span>\n\t\t\n\t\t\t\t\t<img src=\"https:\/\/myforbia.cl\/wp-content\/uploads\/2025\/07\/FORBIA-Logo-Fondos-04-2-copia-1.png\" width=\"32\" height=\"32\" srcset=\"https:\/\/myforbia.cl\/wp-content\/uploads\/2025\/07\/FORBIA-Logo-Fondos-04-2-copia-1.png 2x\" alt=\"Myforbia\" class=\"avatar avatar-32 wp-user-avatar wp-user-avatar-32 alignnone photo\" \/>\t\t\n\t\t<a href=\"https:\/\/myforbia.cl\" class=\"author\" rel=\"author\">Myforbia<\/a>\n\t\t\t\t\t\t\t\t<\/li>\n\t\t\t\t\t\n\t\t\t\t\t\n\t\t\t\t\t\t\t\t\t\t\t<li class=\"meta-reply\">\n\t\t\t\t\t\t\t<a href=\"https:\/\/myforbia.cl\/2025\/09\/15\/belleza-con-ciencia-y-arte-la-nueva-mirada-de-la-estetica\/#respond\"><span class=\"replies-count\">0<\/span> <span class=\"replies-count-label\">comments<\/span><\/a>\t\t\t\t\t\t<\/li>\n\t\t\t\t\t\t\t\t\t\t\t\t<\/ul>\n\t\t\t\t\t\t<\/div>\n\t\t\t\t\t\t\t\t\t<div class=\"hovered-social-icons wd-tltp\">\n\t\t\t\t\t\t<div class=\"tooltip top\">\n\t\t\t\t\t\t\t<div class=\"tooltip-arrow\"><\/div>\n\t\t\t\t\t\t\t<div class=\"tooltip-inner\">\n\t\t\t\t\t\t\t\t\t\t\t<div id=\"\" class=\" wd-social-icons wd-style-default wd-size-small social-share wd-shape-circle color-scheme-light text-center\">\n\t\t\t\t\n\t\t\t\t\n\t\t\t\t\t\t\t\t\t<a rel=\"noopener noreferrer nofollow\" href=\"https:\/\/www.facebook.com\/sharer\/sharer.php?u=https:\/\/myforbia.cl\/category\/entrevistas-y-columnas\/entrevistas\/\" target=\"_blank\" class=\" wd-social-icon social-facebook\" aria-label=\"Facebook social link\">\n\t\t\t\t\t\t<span class=\"wd-icon\"><\/span>\n\t\t\t\t\t\t\t\t\t\t\t<\/a>\n\t\t\t\t\n\t\t\t\t\t\t\t\t\t<a rel=\"noopener noreferrer nofollow\" href=\"https:\/\/x.com\/share?url=https:\/\/myforbia.cl\/category\/entrevistas-y-columnas\/entrevistas\/\" target=\"_blank\" class=\" wd-social-icon social-twitter\" aria-label=\"X social link\">\n\t\t\t\t\t\t<span class=\"wd-icon\"><\/span>\n\t\t\t\t\t\t\t\t\t\t\t<\/a>\n\t\t\t\t\n\t\t\t\t\n\t\t\t\t\n\t\t\t\t\n\t\t\t\t\t\t\t\t\t<a rel=\"noopener noreferrer nofollow\" href=\"https:\/\/pinterest.com\/pin\/create\/button\/?url=https:\/\/myforbia.cl\/category\/entrevistas-y-columnas\/entrevistas\/&media=https:\/\/myforbia.cl\/wp-content\/uploads\/2025\/09\/fz3.jpg&description=Belleza+con+ciencia+y+arte%3A+la+nueva+mirada+de+la+est%C3%A9tica.\" target=\"_blank\" class=\" wd-social-icon social-pinterest\" aria-label=\"Pinterest social link\">\n\t\t\t\t\t\t<span class=\"wd-icon\"><\/span>\n\t\t\t\t\t\t\t\t\t\t\t<\/a>\n\t\t\t\t\n\t\t\t\t\n\t\t\t\t\t\t\t\t\t<a rel=\"noopener noreferrer nofollow\" href=\"https:\/\/www.linkedin.com\/shareArticle?mini=true&url=https:\/\/myforbia.cl\/category\/entrevistas-y-columnas\/entrevistas\/\" target=\"_blank\" class=\" wd-social-icon social-linkedin\" aria-label=\"Linkedin social link\">\n\t\t\t\t\t\t<span class=\"wd-icon\"><\/span>\n\t\t\t\t\t\t\t\t\t\t\t<\/a>\n\t\t\t\t\n\t\t\t\t\n\t\t\t\t\n\t\t\t\t\n\t\t\t\t\n\t\t\t\t\n\t\t\t\t\n\t\t\t\t\n\t\t\t\t\n\t\t\t\t\n\t\t\t\t\n\t\t\t\t\n\t\t\t\t\n\t\t\t\t\n\t\t\t\t\n\t\t\t\t\n\t\t\t\t\t\t\t\t\t<a rel=\"noopener noreferrer nofollow\" href=\"https:\/\/telegram.me\/share\/url?url=https:\/\/myforbia.cl\/category\/entrevistas-y-columnas\/entrevistas\/\" target=\"_blank\" class=\" wd-social-icon social-tg\" aria-label=\"Telegram social link\">\n\t\t\t\t\t\t<span class=\"wd-icon\"><\/span>\n\t\t\t\t\t\t\t\t\t\t\t<\/a>\n\t\t\t\t\n\t\t\t\t\n\t\t\t<\/div>\n\n\t\t\t\t\t\t\t\t\t<\/div>\n\t\t\t\t\t\t<\/div>\n\t\t\t\t\t<\/div>\n\t\t\t\t\t\t\t\n\t\t\t\t\t\t\t\t\t\t\t\t<div class=\"entry-content wd-post-desc\">\n\t\t\t\t\t\tEn el mundo de la est\u00e9tica, no solo se trata de t\u00e9cnicas avanzadas, sino tambi\u00e9n de confianza y dedicaci\u00f3n. Conversamos con Zaray Chaudhery, especialista en tratamientos faciales y micropigmentaci\u00f3n, quien...\t\t\t\t\t<\/div>\n\t\t\t\t\n\t\t\t\t\t\t\t\t\t\t\t\t\t\t<p class=\"read-more-section\">\n\t\t\t\t\t\t<a class=\"btn-read-more more-link\" href=\"https:\/\/myforbia.cl\/2025\/09\/15\/belleza-con-ciencia-y-arte-la-nueva-mirada-de-la-estetica\/\">Continue reading<\/a>\t\t\t\t\t<\/p>\n\t\t\t\t\t\t\t\t\t\t\t\t\t<\/div>\n\t<\/div>\n<\/article>\n\n\t\t\t\t\t\t\t\t\t\t\t\n<article id=\"post-17844\" class=\"wd-post blog-design-masonry blog-post-loop blog-style-bg wd-add-shadow wd-col post-17844 post type-post status-publish format-standard has-post-thumbnail hentry category-entrevistas category-mujeres-empresarias\">\n\t<div class=\"article-inner\">\n\t\t<header class=\"entry-header\">\n\t\t\t\t\t\t\t<figure class=\"entry-thumbnail\">\n\t\t\t\t\t\t\t\t\t\t\t<div class=\"post-img-wrapp\">\n\t\t\t\t\t\t\t<a href=\"https:\/\/myforbia.cl\/2025\/09\/08\/daniela-albarran-cuando-las-personas-se-sienten-vistas-y-valoradas-los-resultados-vienen-de-la-mano\/\">\n\t\t\t\t\t\t\t\t<img width=\"1920\" height=\"2560\" src=\"https:\/\/myforbia.cl\/wp-content\/uploads\/2025\/09\/Foto-Daniela-Albarran.jpg\" class=\"attachment-large size-large\" alt=\"\" decoding=\"async\" srcset=\"https:\/\/myforbia.cl\/wp-content\/uploads\/2025\/09\/Foto-Daniela-Albarran.jpg 1920w, https:\/\/myforbia.cl\/wp-content\/uploads\/2025\/09\/Foto-Daniela-Albarran-768x1024.jpg 768w, https:\/\/myforbia.cl\/wp-content\/uploads\/2025\/09\/Foto-Daniela-Albarran-1152x1536.jpg 1152w, https:\/\/myforbia.cl\/wp-content\/uploads\/2025\/09\/Foto-Daniela-Albarran-1536x2048.jpg 1536w, https:\/\/myforbia.cl\/wp-content\/uploads\/2025\/09\/Foto-Daniela-Albarran-430x573.jpg 430w, https:\/\/myforbia.cl\/wp-content\/uploads\/2025\/09\/Foto-Daniela-Albarran-700x933.jpg 700w, https:\/\/myforbia.cl\/wp-content\/uploads\/2025\/09\/Foto-Daniela-Albarran-150x200.jpg 150w\" sizes=\"(max-width: 1920px) 100vw, 1920px\" \/>\t\t\t\t\t\t\t<\/a>\n\t\t\t\t\t\t<\/div>\n\t\t\t\t\t\t<div class=\"post-image-mask\">\n\t\t\t\t\t\t\t<span><\/span>\n\t\t\t\t\t\t<\/div>\n\t\t\t\t\t\t\t\t\t<\/figure>\n\t\t\t\n\t\t\t\t\t\t<div class=\"wd-post-date wd-style-with-bg\">\n\t\t\t\t<span class=\"post-date-day\">\n\t\t\t\t\t08\t\t\t\t<\/span>\n\t\t\t\t<span class=\"post-date-month\">\n\t\t\t\t\tSep\t\t\t\t<\/span>\n\t\t\t<\/div>\n\t\t\t\t<\/header>\n\n\t\t<div class=\"article-body-container\">\n\t\t\t\t\t\t\t<div class=\"meta-categories-wrapp\">\n\t\t\t\t\t<div class=\"meta-post-categories wd-post-cat wd-style-with-bg\">\n\t\t\t\t\t\t<a href=\"https:\/\/myforbia.cl\/category\/entrevistas-y-columnas\/entrevistas\/\" rel=\"category tag\">Entrevistas<\/a>, <a href=\"https:\/\/myforbia.cl\/category\/empresas\/mujeres-empresarias\/\" rel=\"category tag\">Mujeres empresarias<\/a>\t\t\t\t\t<\/div>\n\t\t\t\t<\/div>\n\t\t\t\n\t\t\t\t\t\t\t<h3 class=\"wd-entities-title title post-title\">\n\t\t\t\t\t<a href=\"https:\/\/myforbia.cl\/2025\/09\/08\/daniela-albarran-cuando-las-personas-se-sienten-vistas-y-valoradas-los-resultados-vienen-de-la-mano\/\" rel=\"bookmark\">Daniela Albarr\u00e1n: \u201cCuando las personas se sienten vistas y valoradas, los resultados vienen de la mano\u201d.<\/a>\n\t\t\t\t<\/h3>\n\t\t\t\n\t\t\t\t\t\t\t<div class=\"entry-meta wd-entry-meta\">\n\t\t\t\t\t\t\t\t<ul class=\"entry-meta-list\">\n\t\t\t\t\t\t\t\t\t<li class=\"modified-date\">\n\t\t\t\t\t\t\t\t<time class=\"updated\" datetime=\"2025-09-08T20:19:49+00:00\">\n\t\t\tSeptiembre 8, 2025\t\t<\/time>\n\t\t\t\t\t\t\t<\/li>\n\n\t\t\t\t\t\n\t\t\t\t\t\t\t\t\t\t\t<li class=\"meta-author\">\n\t\t\t\t\t\t\t\t\t\t\t\t<span>By<\/span>\n\t\t\n\t\t\t\t\t<img src=\"https:\/\/myforbia.cl\/wp-content\/uploads\/2025\/07\/FORBIA-Logo-Fondos-04-2-copia-1.png\" width=\"32\" height=\"32\" srcset=\"https:\/\/myforbia.cl\/wp-content\/uploads\/2025\/07\/FORBIA-Logo-Fondos-04-2-copia-1.png 2x\" alt=\"Myforbia\" class=\"avatar avatar-32 wp-user-avatar wp-user-avatar-32 alignnone photo\" \/>\t\t\n\t\t<a href=\"https:\/\/myforbia.cl\" class=\"author\" rel=\"author\">Myforbia<\/a>\n\t\t\t\t\t\t\t\t<\/li>\n\t\t\t\t\t\n\t\t\t\t\t\n\t\t\t\t\t\t\t\t\t\t\t<li class=\"meta-reply\">\n\t\t\t\t\t\t\t<a href=\"https:\/\/myforbia.cl\/2025\/09\/08\/daniela-albarran-cuando-las-personas-se-sienten-vistas-y-valoradas-los-resultados-vienen-de-la-mano\/#respond\"><span class=\"replies-count\">0<\/span> <span class=\"replies-count-label\">comments<\/span><\/a>\t\t\t\t\t\t<\/li>\n\t\t\t\t\t\t\t\t\t\t\t\t<\/ul>\n\t\t\t\t\t\t<\/div>\n\t\t\t\t\t\t\t\t\t<div class=\"hovered-social-icons wd-tltp\">\n\t\t\t\t\t\t<div class=\"tooltip top\">\n\t\t\t\t\t\t\t<div class=\"tooltip-arrow\"><\/div>\n\t\t\t\t\t\t\t<div class=\"tooltip-inner\">\n\t\t\t\t\t\t\t\t\t\t\t<div id=\"\" class=\" wd-social-icons wd-style-default wd-size-small social-share wd-shape-circle color-scheme-light text-center\">\n\t\t\t\t\n\t\t\t\t\n\t\t\t\t\t\t\t\t\t<a rel=\"noopener noreferrer nofollow\" href=\"https:\/\/www.facebook.com\/sharer\/sharer.php?u=https:\/\/myforbia.cl\/category\/entrevistas-y-columnas\/entrevistas\/\" target=\"_blank\" class=\" wd-social-icon social-facebook\" aria-label=\"Facebook social link\">\n\t\t\t\t\t\t<span class=\"wd-icon\"><\/span>\n\t\t\t\t\t\t\t\t\t\t\t<\/a>\n\t\t\t\t\n\t\t\t\t\t\t\t\t\t<a rel=\"noopener noreferrer nofollow\" href=\"https:\/\/x.com\/share?url=https:\/\/myforbia.cl\/category\/entrevistas-y-columnas\/entrevistas\/\" target=\"_blank\" class=\" wd-social-icon social-twitter\" aria-label=\"X social link\">\n\t\t\t\t\t\t<span class=\"wd-icon\"><\/span>\n\t\t\t\t\t\t\t\t\t\t\t<\/a>\n\t\t\t\t\n\t\t\t\t\n\t\t\t\t\n\t\t\t\t\n\t\t\t\t\t\t\t\t\t<a rel=\"noopener noreferrer nofollow\" href=\"https:\/\/pinterest.com\/pin\/create\/button\/?url=https:\/\/myforbia.cl\/category\/entrevistas-y-columnas\/entrevistas\/&media=https:\/\/myforbia.cl\/wp-content\/uploads\/2025\/09\/Foto-Daniela-Albarran.jpg&description=Daniela+Albarr%C3%A1n%3A+%E2%80%9CCuando+las+personas+se+sienten+vistas+y+valoradas%2C+los+resultados+vienen+de+la+mano%E2%80%9D.\" target=\"_blank\" class=\" wd-social-icon social-pinterest\" aria-label=\"Pinterest social link\">\n\t\t\t\t\t\t<span class=\"wd-icon\"><\/span>\n\t\t\t\t\t\t\t\t\t\t\t<\/a>\n\t\t\t\t\n\t\t\t\t\n\t\t\t\t\t\t\t\t\t<a rel=\"noopener noreferrer nofollow\" href=\"https:\/\/www.linkedin.com\/shareArticle?mini=true&url=https:\/\/myforbia.cl\/category\/entrevistas-y-columnas\/entrevistas\/\" target=\"_blank\" class=\" wd-social-icon social-linkedin\" aria-label=\"Linkedin social link\">\n\t\t\t\t\t\t<span class=\"wd-icon\"><\/span>\n\t\t\t\t\t\t\t\t\t\t\t<\/a>\n\t\t\t\t\n\t\t\t\t\n\t\t\t\t\n\t\t\t\t\n\t\t\t\t\n\t\t\t\t\n\t\t\t\t\n\t\t\t\t\n\t\t\t\t\n\t\t\t\t\n\t\t\t\t\n\t\t\t\t\n\t\t\t\t\n\t\t\t\t\n\t\t\t\t\n\t\t\t\t\n\t\t\t\t\t\t\t\t\t<a rel=\"noopener noreferrer nofollow\" href=\"https:\/\/telegram.me\/share\/url?url=https:\/\/myforbia.cl\/category\/entrevistas-y-columnas\/entrevistas\/\" target=\"_blank\" class=\" wd-social-icon social-tg\" aria-label=\"Telegram social link\">\n\t\t\t\t\t\t<span class=\"wd-icon\"><\/span>\n\t\t\t\t\t\t\t\t\t\t\t<\/a>\n\t\t\t\t\n\t\t\t\t\n\t\t\t<\/div>\n\n\t\t\t\t\t\t\t\t\t<\/div>\n\t\t\t\t\t\t<\/div>\n\t\t\t\t\t<\/div>\n\t\t\t\t\t\t\t\n\t\t\t\t\t\t\t\t\t\t\t\t<div class=\"entry-content wd-post-desc\">\n\t\t\t\t\t\tEn m\u00e1s de alguna ocasi\u00f3n habr\u00e1s visto en las g\u00f3ndolas del supermercado la marca PURI, quiz\u00e1s tuviste los snacks en tus manos cuando buscabas alg\u00fan baj\u00f3n con el cu\u00e1l no...\t\t\t\t\t<\/div>\n\t\t\t\t\n\t\t\t\t\t\t\t\t\t\t\t\t\t\t<p class=\"read-more-section\">\n\t\t\t\t\t\t<a class=\"btn-read-more more-link\" href=\"https:\/\/myforbia.cl\/2025\/09\/08\/daniela-albarran-cuando-las-personas-se-sienten-vistas-y-valoradas-los-resultados-vienen-de-la-mano\/\">Continue reading<\/a>\t\t\t\t\t<\/p>\n\t\t\t\t\t\t\t\t\t\t\t\t\t<\/div>\n\t<\/div>\n<\/article>\n\n\t\t\t\t\t\t\t\t\t\t\t\n<article id=\"post-17781\" class=\"wd-post blog-design-masonry blog-post-loop blog-style-bg wd-add-shadow wd-col post-17781 post type-post status-publish format-standard has-post-thumbnail hentry category-entrevistas category-influencers\">\n\t<div class=\"article-inner\">\n\t\t<header class=\"entry-header\">\n\t\t\t\t\t\t\t<figure class=\"entry-thumbnail\">\n\t\t\t\t\t\t\t\t\t\t\t<div class=\"post-img-wrapp\">\n\t\t\t\t\t\t\t<a href=\"https:\/\/myforbia.cl\/2025\/08\/12\/maria-lozovskaya-de-san-petersburgo-a-santiago-entre-lenguas-tarot-y-autenticidad\/\">\n\t\t\t\t\t\t\t\t<img width=\"1080\" height=\"1350\" src=\"https:\/\/myforbia.cl\/wp-content\/uploads\/2025\/08\/SaveClip.App_332750971_912456916548046_7862182194587516288_n-1.jpg\" class=\"attachment-large size-large\" alt=\"\" decoding=\"async\" srcset=\"https:\/\/myforbia.cl\/wp-content\/uploads\/2025\/08\/SaveClip.App_332750971_912456916548046_7862182194587516288_n-1.jpg 1080w, https:\/\/myforbia.cl\/wp-content\/uploads\/2025\/08\/SaveClip.App_332750971_912456916548046_7862182194587516288_n-1-768x960.jpg 768w, https:\/\/myforbia.cl\/wp-content\/uploads\/2025\/08\/SaveClip.App_332750971_912456916548046_7862182194587516288_n-1-430x538.jpg 430w, https:\/\/myforbia.cl\/wp-content\/uploads\/2025\/08\/SaveClip.App_332750971_912456916548046_7862182194587516288_n-1-700x875.jpg 700w, https:\/\/myforbia.cl\/wp-content\/uploads\/2025\/08\/SaveClip.App_332750971_912456916548046_7862182194587516288_n-1-150x188.jpg 150w\" sizes=\"(max-width: 1080px) 100vw, 1080px\" \/>\t\t\t\t\t\t\t<\/a>\n\t\t\t\t\t\t<\/div>\n\t\t\t\t\t\t<div class=\"post-image-mask\">\n\t\t\t\t\t\t\t<span><\/span>\n\t\t\t\t\t\t<\/div>\n\t\t\t\t\t\t\t\t\t<\/figure>\n\t\t\t\n\t\t\t\t\t\t<div class=\"wd-post-date wd-style-with-bg\">\n\t\t\t\t<span class=\"post-date-day\">\n\t\t\t\t\t12\t\t\t\t<\/span>\n\t\t\t\t<span class=\"post-date-month\">\n\t\t\t\t\tAgo\t\t\t\t<\/span>\n\t\t\t<\/div>\n\t\t\t\t<\/header>\n\n\t\t<div class=\"article-body-container\">\n\t\t\t\t\t\t\t<div class=\"meta-categories-wrapp\">\n\t\t\t\t\t<div class=\"meta-post-categories wd-post-cat wd-style-with-bg\">\n\t\t\t\t\t\t<a href=\"https:\/\/myforbia.cl\/category\/entrevistas-y-columnas\/entrevistas\/\" rel=\"category tag\">Entrevistas<\/a>, <a href=\"https:\/\/myforbia.cl\/category\/influencers\/\" rel=\"category tag\">INFLUENCERS<\/a>\t\t\t\t\t<\/div>\n\t\t\t\t<\/div>\n\t\t\t\n\t\t\t\t\t\t\t<h3 class=\"wd-entities-title title post-title\">\n\t\t\t\t\t<a href=\"https:\/\/myforbia.cl\/2025\/08\/12\/maria-lozovskaya-de-san-petersburgo-a-santiago-entre-lenguas-tarot-y-autenticidad\/\" rel=\"bookmark\">Mar\u00eda Lozovskaya: de San Petersburgo a Santiago, entre lenguas, tarot y autenticidad.<\/a>\n\t\t\t\t<\/h3>\n\t\t\t\n\t\t\t\t\t\t\t<div class=\"entry-meta wd-entry-meta\">\n\t\t\t\t\t\t\t\t<ul class=\"entry-meta-list\">\n\t\t\t\t\t\t\t\t\t<li class=\"modified-date\">\n\t\t\t\t\t\t\t\t<time class=\"updated\" datetime=\"2025-08-12T01:02:02+00:00\">\n\t\t\tAgosto 12, 2025\t\t<\/time>\n\t\t\t\t\t\t\t<\/li>\n\n\t\t\t\t\t\n\t\t\t\t\t\t\t\t\t\t\t<li class=\"meta-author\">\n\t\t\t\t\t\t\t\t\t\t\t\t<span>By<\/span>\n\t\t\n\t\t\t\t\t<img src=\"https:\/\/myforbia.cl\/wp-content\/uploads\/2025\/07\/FORBIA-Logo-Fondos-04-2-copia-1.png\" width=\"32\" height=\"32\" srcset=\"https:\/\/myforbia.cl\/wp-content\/uploads\/2025\/07\/FORBIA-Logo-Fondos-04-2-copia-1.png 2x\" alt=\"Myforbia\" class=\"avatar avatar-32 wp-user-avatar wp-user-avatar-32 alignnone photo\" \/>\t\t\n\t\t<a href=\"https:\/\/myforbia.cl\" class=\"author\" rel=\"author\">Myforbia<\/a>\n\t\t\t\t\t\t\t\t<\/li>\n\t\t\t\t\t\n\t\t\t\t\t\n\t\t\t\t\t\t\t\t\t\t\t<li class=\"meta-reply\">\n\t\t\t\t\t\t\t<a href=\"https:\/\/myforbia.cl\/2025\/08\/12\/maria-lozovskaya-de-san-petersburgo-a-santiago-entre-lenguas-tarot-y-autenticidad\/#respond\"><span class=\"replies-count\">0<\/span> <span class=\"replies-count-label\">comments<\/span><\/a>\t\t\t\t\t\t<\/li>\n\t\t\t\t\t\t\t\t\t\t\t\t<\/ul>\n\t\t\t\t\t\t<\/div>\n\t\t\t\t\t\t\t\t\t<div class=\"hovered-social-icons wd-tltp\">\n\t\t\t\t\t\t<div class=\"tooltip top\">\n\t\t\t\t\t\t\t<div class=\"tooltip-arrow\"><\/div>\n\t\t\t\t\t\t\t<div class=\"tooltip-inner\">\n\t\t\t\t\t\t\t\t\t\t\t<div id=\"\" class=\" wd-social-icons wd-style-default wd-size-small social-share wd-shape-circle color-scheme-light text-center\">\n\t\t\t\t\n\t\t\t\t\n\t\t\t\t\t\t\t\t\t<a rel=\"noopener noreferrer nofollow\" href=\"https:\/\/www.facebook.com\/sharer\/sharer.php?u=https:\/\/myforbia.cl\/category\/entrevistas-y-columnas\/entrevistas\/\" target=\"_blank\" class=\" wd-social-icon social-facebook\" aria-label=\"Facebook social link\">\n\t\t\t\t\t\t<span class=\"wd-icon\"><\/span>\n\t\t\t\t\t\t\t\t\t\t\t<\/a>\n\t\t\t\t\n\t\t\t\t\t\t\t\t\t<a rel=\"noopener noreferrer nofollow\" href=\"https:\/\/x.com\/share?url=https:\/\/myforbia.cl\/category\/entrevistas-y-columnas\/entrevistas\/\" target=\"_blank\" class=\" wd-social-icon social-twitter\" aria-label=\"X social link\">\n\t\t\t\t\t\t<span class=\"wd-icon\"><\/span>\n\t\t\t\t\t\t\t\t\t\t\t<\/a>\n\t\t\t\t\n\t\t\t\t\n\t\t\t\t\n\t\t\t\t\n\t\t\t\t\t\t\t\t\t<a rel=\"noopener noreferrer nofollow\" href=\"https:\/\/pinterest.com\/pin\/create\/button\/?url=https:\/\/myforbia.cl\/category\/entrevistas-y-columnas\/entrevistas\/&media=https:\/\/myforbia.cl\/wp-content\/uploads\/2025\/08\/SaveClip.App_332750971_912456916548046_7862182194587516288_n-1.jpg&description=Mar%C3%ADa+Lozovskaya%3A+de+San+Petersburgo+a+Santiago%2C+entre+lenguas%2C+tarot+y+autenticidad.\" target=\"_blank\" class=\" wd-social-icon social-pinterest\" aria-label=\"Pinterest social link\">\n\t\t\t\t\t\t<span class=\"wd-icon\"><\/span>\n\t\t\t\t\t\t\t\t\t\t\t<\/a>\n\t\t\t\t\n\t\t\t\t\n\t\t\t\t\t\t\t\t\t<a rel=\"noopener noreferrer nofollow\" href=\"https:\/\/www.linkedin.com\/shareArticle?mini=true&url=https:\/\/myforbia.cl\/category\/entrevistas-y-columnas\/entrevistas\/\" target=\"_blank\" class=\" wd-social-icon social-linkedin\" aria-label=\"Linkedin social link\">\n\t\t\t\t\t\t<span class=\"wd-icon\"><\/span>\n\t\t\t\t\t\t\t\t\t\t\t<\/a>\n\t\t\t\t\n\t\t\t\t\n\t\t\t\t\n\t\t\t\t\n\t\t\t\t\n\t\t\t\t\n\t\t\t\t\n\t\t\t\t\n\t\t\t\t\n\t\t\t\t\n\t\t\t\t\n\t\t\t\t\n\t\t\t\t\n\t\t\t\t\n\t\t\t\t\n\t\t\t\t\n\t\t\t\t\t\t\t\t\t<a rel=\"noopener noreferrer nofollow\" href=\"https:\/\/telegram.me\/share\/url?url=https:\/\/myforbia.cl\/category\/entrevistas-y-columnas\/entrevistas\/\" target=\"_blank\" class=\" wd-social-icon social-tg\" aria-label=\"Telegram social link\">\n\t\t\t\t\t\t<span class=\"wd-icon\"><\/span>\n\t\t\t\t\t\t\t\t\t\t\t<\/a>\n\t\t\t\t\n\t\t\t\t\n\t\t\t<\/div>\n\n\t\t\t\t\t\t\t\t\t<\/div>\n\t\t\t\t\t\t<\/div>\n\t\t\t\t\t<\/div>\n\t\t\t\t\t\t\t\n\t\t\t\t\t\t\t\t\t\t\t\t<div class=\"entry-content wd-post-desc\">\n\t\t\t\t\t\tDesde la elegante San Petersburgo a las largas noches santiaguinas, Mar\u00eda Lozovskaya ha trazado un camino que mezcla idiomas, intuici\u00f3n y reinvenci\u00f3n. Influencer, profesora, tarotista y ex traductora audiovisual, su...\t\t\t\t\t<\/div>\n\t\t\t\t\n\t\t\t\t\t\t\t\t\t\t\t\t\t\t<p class=\"read-more-section\">\n\t\t\t\t\t\t<a class=\"btn-read-more more-link\" href=\"https:\/\/myforbia.cl\/2025\/08\/12\/maria-lozovskaya-de-san-petersburgo-a-santiago-entre-lenguas-tarot-y-autenticidad\/\">Continue reading<\/a>\t\t\t\t\t<\/p>\n\t\t\t\t\t\t\t\t\t\t\t\t\t<\/div>\n\t<\/div>\n<\/article>\n\n\t\t\t\t\t\t\t\t\t\t\t\n<article id=\"post-17747\" class=\"wd-post blog-design-masonry blog-post-loop blog-style-bg wd-add-shadow wd-col post-17747 post type-post status-publish format-standard has-post-thumbnail hentry category-entrevistas category-glamour-y-belleza category-moda\">\n\t<div class=\"article-inner\">\n\t\t<header class=\"entry-header\">\n\t\t\t\t\t\t\t<figure class=\"entry-thumbnail\">\n\t\t\t\t\t\t\t\t\t\t\t<div class=\"post-img-wrapp\">\n\t\t\t\t\t\t\t<a href=\"https:\/\/myforbia.cl\/2025\/08\/01\/daniela-cifuentes-y-su-sueno-hecho-pasarela-la-historia-detras-de-bemodel-management\/\">\n\t\t\t\t\t\t\t\t<img width=\"1707\" height=\"2560\" src=\"https:\/\/myforbia.cl\/wp-content\/uploads\/2025\/08\/image0-1-scaled-1.jpeg\" class=\"attachment-large size-large\" alt=\"\" decoding=\"async\" srcset=\"https:\/\/myforbia.cl\/wp-content\/uploads\/2025\/08\/image0-1-scaled-1.jpeg 1707w, https:\/\/myforbia.cl\/wp-content\/uploads\/2025\/08\/image0-1-scaled-1-768x1152.jpeg 768w, https:\/\/myforbia.cl\/wp-content\/uploads\/2025\/08\/image0-1-scaled-1-1024x1536.jpeg 1024w, https:\/\/myforbia.cl\/wp-content\/uploads\/2025\/08\/image0-1-scaled-1-1366x2048.jpeg 1366w, https:\/\/myforbia.cl\/wp-content\/uploads\/2025\/08\/image0-1-scaled-1-430x645.jpeg 430w, https:\/\/myforbia.cl\/wp-content\/uploads\/2025\/08\/image0-1-scaled-1-700x1050.jpeg 700w, https:\/\/myforbia.cl\/wp-content\/uploads\/2025\/08\/image0-1-scaled-1-150x225.jpeg 150w\" sizes=\"(max-width: 1707px) 100vw, 1707px\" \/>\t\t\t\t\t\t\t<\/a>\n\t\t\t\t\t\t<\/div>\n\t\t\t\t\t\t<div class=\"post-image-mask\">\n\t\t\t\t\t\t\t<span><\/span>\n\t\t\t\t\t\t<\/div>\n\t\t\t\t\t\t\t\t\t<\/figure>\n\t\t\t\n\t\t\t\t\t\t<div class=\"wd-post-date wd-style-with-bg\">\n\t\t\t\t<span class=\"post-date-day\">\n\t\t\t\t\t01\t\t\t\t<\/span>\n\t\t\t\t<span class=\"post-date-month\">\n\t\t\t\t\tAgo\t\t\t\t<\/span>\n\t\t\t<\/div>\n\t\t\t\t<\/header>\n\n\t\t<div class=\"article-body-container\">\n\t\t\t\t\t\t\t<div class=\"meta-categories-wrapp\">\n\t\t\t\t\t<div class=\"meta-post-categories wd-post-cat wd-style-with-bg\">\n\t\t\t\t\t\t<a href=\"https:\/\/myforbia.cl\/category\/entrevistas-y-columnas\/entrevistas\/\" rel=\"category tag\">Entrevistas<\/a>, <a href=\"https:\/\/myforbia.cl\/category\/glamour-y-belleza\/\" rel=\"category tag\">GLAMOUR Y BELLEZA<\/a>, <a href=\"https:\/\/myforbia.cl\/category\/glamour-y-belleza\/moda\/\" rel=\"category tag\">Moda<\/a>\t\t\t\t\t<\/div>\n\t\t\t\t<\/div>\n\t\t\t\n\t\t\t\t\t\t\t<h3 class=\"wd-entities-title title post-title\">\n\t\t\t\t\t<a href=\"https:\/\/myforbia.cl\/2025\/08\/01\/daniela-cifuentes-y-su-sueno-hecho-pasarela-la-historia-detras-de-bemodel-management\/\" rel=\"bookmark\">Daniela Cifuentes y su sue\u00f1o hecho pasarela: La historia detr\u00e1s de BeModel Management.<\/a>\n\t\t\t\t<\/h3>\n\t\t\t\n\t\t\t\t\t\t\t<div class=\"entry-meta wd-entry-meta\">\n\t\t\t\t\t\t\t\t<ul class=\"entry-meta-list\">\n\t\t\t\t\t\t\t\t\t<li class=\"modified-date\">\n\t\t\t\t\t\t\t\t<time class=\"updated\" datetime=\"2025-08-12T01:22:24+00:00\">\n\t\t\tAgosto 12, 2025\t\t<\/time>\n\t\t\t\t\t\t\t<\/li>\n\n\t\t\t\t\t\n\t\t\t\t\t\t\t\t\t\t\t<li class=\"meta-author\">\n\t\t\t\t\t\t\t\t\t\t\t\t<span>By<\/span>\n\t\t\n\t\t\t\t\t<img src=\"https:\/\/myforbia.cl\/wp-content\/uploads\/2025\/07\/FORBIA-Logo-Fondos-04-2-copia-1.png\" width=\"32\" height=\"32\" srcset=\"https:\/\/myforbia.cl\/wp-content\/uploads\/2025\/07\/FORBIA-Logo-Fondos-04-2-copia-1.png 2x\" alt=\"Myforbia\" class=\"avatar avatar-32 wp-user-avatar wp-user-avatar-32 alignnone photo\" \/>\t\t\n\t\t<a href=\"https:\/\/myforbia.cl\" class=\"author\" rel=\"author\">Myforbia<\/a>\n\t\t\t\t\t\t\t\t<\/li>\n\t\t\t\t\t\n\t\t\t\t\t\n\t\t\t\t\t\t\t\t\t\t\t<li class=\"meta-reply\">\n\t\t\t\t\t\t\t<a href=\"https:\/\/myforbia.cl\/2025\/08\/01\/daniela-cifuentes-y-su-sueno-hecho-pasarela-la-historia-detras-de-bemodel-management\/#respond\"><span class=\"replies-count\">0<\/span> <span class=\"replies-count-label\">comments<\/span><\/a>\t\t\t\t\t\t<\/li>\n\t\t\t\t\t\t\t\t\t\t\t\t<\/ul>\n\t\t\t\t\t\t<\/div>\n\t\t\t\t\t\t\t\t\t<div class=\"hovered-social-icons wd-tltp\">\n\t\t\t\t\t\t<div class=\"tooltip top\">\n\t\t\t\t\t\t\t<div class=\"tooltip-arrow\"><\/div>\n\t\t\t\t\t\t\t<div class=\"tooltip-inner\">\n\t\t\t\t\t\t\t\t\t\t\t<div id=\"\" class=\" wd-social-icons wd-style-default wd-size-small social-share wd-shape-circle color-scheme-light text-center\">\n\t\t\t\t\n\t\t\t\t\n\t\t\t\t\t\t\t\t\t<a rel=\"noopener noreferrer nofollow\" href=\"https:\/\/www.facebook.com\/sharer\/sharer.php?u=https:\/\/myforbia.cl\/category\/entrevistas-y-columnas\/entrevistas\/\" target=\"_blank\" class=\" wd-social-icon social-facebook\" aria-label=\"Facebook social link\">\n\t\t\t\t\t\t<span class=\"wd-icon\"><\/span>\n\t\t\t\t\t\t\t\t\t\t\t<\/a>\n\t\t\t\t\n\t\t\t\t\t\t\t\t\t<a rel=\"noopener noreferrer nofollow\" href=\"https:\/\/x.com\/share?url=https:\/\/myforbia.cl\/category\/entrevistas-y-columnas\/entrevistas\/\" target=\"_blank\" class=\" wd-social-icon social-twitter\" aria-label=\"X social link\">\n\t\t\t\t\t\t<span class=\"wd-icon\"><\/span>\n\t\t\t\t\t\t\t\t\t\t\t<\/a>\n\t\t\t\t\n\t\t\t\t\n\t\t\t\t\n\t\t\t\t\n\t\t\t\t\t\t\t\t\t<a rel=\"noopener noreferrer nofollow\" href=\"https:\/\/pinterest.com\/pin\/create\/button\/?url=https:\/\/myforbia.cl\/category\/entrevistas-y-columnas\/entrevistas\/&media=https:\/\/myforbia.cl\/wp-content\/uploads\/2025\/08\/image0-1-scaled-1.jpeg&description=Daniela+Cifuentes+y+su+sue%C3%B1o+hecho+pasarela%3A+La+historia+detr%C3%A1s+de+BeModel+Management.\" target=\"_blank\" class=\" wd-social-icon social-pinterest\" aria-label=\"Pinterest social link\">\n\t\t\t\t\t\t<span class=\"wd-icon\"><\/span>\n\t\t\t\t\t\t\t\t\t\t\t<\/a>\n\t\t\t\t\n\t\t\t\t\n\t\t\t\t\t\t\t\t\t<a rel=\"noopener noreferrer nofollow\" href=\"https:\/\/www.linkedin.com\/shareArticle?mini=true&url=https:\/\/myforbia.cl\/category\/entrevistas-y-columnas\/entrevistas\/\" target=\"_blank\" class=\" wd-social-icon social-linkedin\" aria-label=\"Linkedin social link\">\n\t\t\t\t\t\t<span class=\"wd-icon\"><\/span>\n\t\t\t\t\t\t\t\t\t\t\t<\/a>\n\t\t\t\t\n\t\t\t\t\n\t\t\t\t\n\t\t\t\t\n\t\t\t\t\n\t\t\t\t\n\t\t\t\t\n\t\t\t\t\n\t\t\t\t\n\t\t\t\t\n\t\t\t\t\n\t\t\t\t\n\t\t\t\t\n\t\t\t\t\n\t\t\t\t\n\t\t\t\t\n\t\t\t\t\t\t\t\t\t<a rel=\"noopener noreferrer nofollow\" href=\"https:\/\/telegram.me\/share\/url?url=https:\/\/myforbia.cl\/category\/entrevistas-y-columnas\/entrevistas\/\" target=\"_blank\" class=\" wd-social-icon social-tg\" aria-label=\"Telegram social link\">\n\t\t\t\t\t\t<span class=\"wd-icon\"><\/span>\n\t\t\t\t\t\t\t\t\t\t\t<\/a>\n\t\t\t\t\n\t\t\t\t\n\t\t\t<\/div>\n\n\t\t\t\t\t\t\t\t\t<\/div>\n\t\t\t\t\t\t<\/div>\n\t\t\t\t\t<\/div>\n\t\t\t\t\t\t\t\n\t\t\t\t\t\t\t\t\t\t\t\t<div class=\"entry-content wd-post-desc\">\n\t\t\t\t\t\tDesde muy peque\u00f1a, Daniela Cifuentes sab\u00eda que el mundo de la moda no solo era una vocaci\u00f3n, sino parte de su ADN. Criada entre telas, bocetos y tacones, con una...\t\t\t\t\t<\/div>\n\t\t\t\t\n\t\t\t\t\t\t\t\t\t\t\t\t\t\t<p class=\"read-more-section\">\n\t\t\t\t\t\t<a class=\"btn-read-more more-link\" href=\"https:\/\/myforbia.cl\/2025\/08\/01\/daniela-cifuentes-y-su-sueno-hecho-pasarela-la-historia-detras-de-bemodel-management\/\">Continue reading<\/a>\t\t\t\t\t<\/p>\n\t\t\t\t\t\t\t\t\t\t\t\t\t<\/div>\n\t<\/div>\n<\/article>\n\n\t\t\t\t\t\t\t\t\t\t\t\n<article id=\"post-17711\" class=\"wd-post blog-design-masonry blog-post-loop blog-style-bg wd-add-shadow wd-col post-17711 post type-post status-publish format-standard has-post-thumbnail hentry category-entrevistas category-mujeres-empresarias\">\n\t<div class=\"article-inner\">\n\t\t<header class=\"entry-header\">\n\t\t\t\t\t\t\t<figure class=\"entry-thumbnail\">\n\t\t\t\t\t\t\t\t\t\t\t<div class=\"post-img-wrapp\">\n\t\t\t\t\t\t\t<a href=\"https:\/\/myforbia.cl\/2025\/07\/25\/vanessa-orellana-el-mercado-oculto-no-se-encuentra-se-construye\/\">\n\t\t\t\t\t\t\t\t<img width=\"1680\" height=\"2520\" src=\"https:\/\/myforbia.cl\/wp-content\/uploads\/2025\/07\/Glamb1_025.jpg\" class=\"attachment-large size-large\" alt=\"\" decoding=\"async\" srcset=\"https:\/\/myforbia.cl\/wp-content\/uploads\/2025\/07\/Glamb1_025.jpg 1680w, https:\/\/myforbia.cl\/wp-content\/uploads\/2025\/07\/Glamb1_025-768x1152.jpg 768w, https:\/\/myforbia.cl\/wp-content\/uploads\/2025\/07\/Glamb1_025-1024x1536.jpg 1024w, https:\/\/myforbia.cl\/wp-content\/uploads\/2025\/07\/Glamb1_025-1365x2048.jpg 1365w, https:\/\/myforbia.cl\/wp-content\/uploads\/2025\/07\/Glamb1_025-430x645.jpg 430w, https:\/\/myforbia.cl\/wp-content\/uploads\/2025\/07\/Glamb1_025-700x1050.jpg 700w, https:\/\/myforbia.cl\/wp-content\/uploads\/2025\/07\/Glamb1_025-150x225.jpg 150w\" sizes=\"(max-width: 1680px) 100vw, 1680px\" \/>\t\t\t\t\t\t\t<\/a>\n\t\t\t\t\t\t<\/div>\n\t\t\t\t\t\t<div class=\"post-image-mask\">\n\t\t\t\t\t\t\t<span><\/span>\n\t\t\t\t\t\t<\/div>\n\t\t\t\t\t\t\t\t\t<\/figure>\n\t\t\t\n\t\t\t\t\t\t<div class=\"wd-post-date wd-style-with-bg\">\n\t\t\t\t<span class=\"post-date-day\">\n\t\t\t\t\t25\t\t\t\t<\/span>\n\t\t\t\t<span class=\"post-date-month\">\n\t\t\t\t\tJul\t\t\t\t<\/span>\n\t\t\t<\/div>\n\t\t\t\t<\/header>\n\n\t\t<div class=\"article-body-container\">\n\t\t\t\t\t\t\t<div class=\"meta-categories-wrapp\">\n\t\t\t\t\t<div class=\"meta-post-categories wd-post-cat wd-style-with-bg\">\n\t\t\t\t\t\t<a href=\"https:\/\/myforbia.cl\/category\/entrevistas-y-columnas\/entrevistas\/\" rel=\"category tag\">Entrevistas<\/a>, <a href=\"https:\/\/myforbia.cl\/category\/empresas\/mujeres-empresarias\/\" rel=\"category tag\">Mujeres empresarias<\/a>\t\t\t\t\t<\/div>\n\t\t\t\t<\/div>\n\t\t\t\n\t\t\t\t\t\t\t<h3 class=\"wd-entities-title title post-title\">\n\t\t\t\t\t<a href=\"https:\/\/myforbia.cl\/2025\/07\/25\/vanessa-orellana-el-mercado-oculto-no-se-encuentra-se-construye\/\" rel=\"bookmark\">Vanessa Orellana: \u201cEl mercado oculto no se encuentra. Se construye\u201d.<\/a>\n\t\t\t\t<\/h3>\n\t\t\t\n\t\t\t\t\t\t\t<div class=\"entry-meta wd-entry-meta\">\n\t\t\t\t\t\t\t\t<ul class=\"entry-meta-list\">\n\t\t\t\t\t\t\t\t\t<li class=\"modified-date\">\n\t\t\t\t\t\t\t\t<time class=\"updated\" datetime=\"2025-07-30T13:01:10+00:00\">\n\t\t\tJulio 30, 2025\t\t<\/time>\n\t\t\t\t\t\t\t<\/li>\n\n\t\t\t\t\t\n\t\t\t\t\t\t\t\t\t\t\t<li class=\"meta-author\">\n\t\t\t\t\t\t\t\t\t\t\t\t<span>By<\/span>\n\t\t\n\t\t\t\t\t<img src=\"https:\/\/myforbia.cl\/wp-content\/uploads\/2025\/07\/FORBIA-Logo-Fondos-04-2-copia-1.png\" width=\"32\" height=\"32\" srcset=\"https:\/\/myforbia.cl\/wp-content\/uploads\/2025\/07\/FORBIA-Logo-Fondos-04-2-copia-1.png 2x\" alt=\"Myforbia\" class=\"avatar avatar-32 wp-user-avatar wp-user-avatar-32 alignnone photo\" \/>\t\t\n\t\t<a href=\"https:\/\/myforbia.cl\" class=\"author\" rel=\"author\">Myforbia<\/a>\n\t\t\t\t\t\t\t\t<\/li>\n\t\t\t\t\t\n\t\t\t\t\t\n\t\t\t\t\t\t\t\t\t\t\t<li class=\"meta-reply\">\n\t\t\t\t\t\t\t<a href=\"https:\/\/myforbia.cl\/2025\/07\/25\/vanessa-orellana-el-mercado-oculto-no-se-encuentra-se-construye\/#respond\"><span class=\"replies-count\">0<\/span> <span class=\"replies-count-label\">comments<\/span><\/a>\t\t\t\t\t\t<\/li>\n\t\t\t\t\t\t\t\t\t\t\t\t<\/ul>\n\t\t\t\t\t\t<\/div>\n\t\t\t\t\t\t\t\t\t<div class=\"hovered-social-icons wd-tltp\">\n\t\t\t\t\t\t<div class=\"tooltip top\">\n\t\t\t\t\t\t\t<div class=\"tooltip-arrow\"><\/div>\n\t\t\t\t\t\t\t<div class=\"tooltip-inner\">\n\t\t\t\t\t\t\t\t\t\t\t<div id=\"\" class=\" wd-social-icons wd-style-default wd-size-small social-share wd-shape-circle color-scheme-light text-center\">\n\t\t\t\t\n\t\t\t\t\n\t\t\t\t\t\t\t\t\t<a rel=\"noopener noreferrer nofollow\" href=\"https:\/\/www.facebook.com\/sharer\/sharer.php?u=https:\/\/myforbia.cl\/category\/entrevistas-y-columnas\/entrevistas\/\" target=\"_blank\" class=\" wd-social-icon social-facebook\" aria-label=\"Facebook social link\">\n\t\t\t\t\t\t<span class=\"wd-icon\"><\/span>\n\t\t\t\t\t\t\t\t\t\t\t<\/a>\n\t\t\t\t\n\t\t\t\t\t\t\t\t\t<a rel=\"noopener noreferrer nofollow\" href=\"https:\/\/x.com\/share?url=https:\/\/myforbia.cl\/category\/entrevistas-y-columnas\/entrevistas\/\" target=\"_blank\" class=\" wd-social-icon social-twitter\" aria-label=\"X social link\">\n\t\t\t\t\t\t<span class=\"wd-icon\"><\/span>\n\t\t\t\t\t\t\t\t\t\t\t<\/a>\n\t\t\t\t\n\t\t\t\t\n\t\t\t\t\n\t\t\t\t\n\t\t\t\t\t\t\t\t\t<a rel=\"noopener noreferrer nofollow\" href=\"https:\/\/pinterest.com\/pin\/create\/button\/?url=https:\/\/myforbia.cl\/category\/entrevistas-y-columnas\/entrevistas\/&media=https:\/\/myforbia.cl\/wp-content\/uploads\/2025\/07\/Glamb1_025.jpg&description=Vanessa+Orellana%3A+%E2%80%9CEl+mercado+oculto+no+se+encuentra.+Se+construye%E2%80%9D.\" target=\"_blank\" class=\" wd-social-icon social-pinterest\" aria-label=\"Pinterest social link\">\n\t\t\t\t\t\t<span class=\"wd-icon\"><\/span>\n\t\t\t\t\t\t\t\t\t\t\t<\/a>\n\t\t\t\t\n\t\t\t\t\n\t\t\t\t\t\t\t\t\t<a rel=\"noopener noreferrer nofollow\" href=\"https:\/\/www.linkedin.com\/shareArticle?mini=true&url=https:\/\/myforbia.cl\/category\/entrevistas-y-columnas\/entrevistas\/\" target=\"_blank\" class=\" wd-social-icon social-linkedin\" aria-label=\"Linkedin social link\">\n\t\t\t\t\t\t<span class=\"wd-icon\"><\/span>\n\t\t\t\t\t\t\t\t\t\t\t<\/a>\n\t\t\t\t\n\t\t\t\t\n\t\t\t\t\n\t\t\t\t\n\t\t\t\t\n\t\t\t\t\n\t\t\t\t\n\t\t\t\t\n\t\t\t\t\n\t\t\t\t\n\t\t\t\t\n\t\t\t\t\n\t\t\t\t\n\t\t\t\t\n\t\t\t\t\n\t\t\t\t\n\t\t\t\t\t\t\t\t\t<a rel=\"noopener noreferrer nofollow\" href=\"https:\/\/telegram.me\/share\/url?url=https:\/\/myforbia.cl\/category\/entrevistas-y-columnas\/entrevistas\/\" target=\"_blank\" class=\" wd-social-icon social-tg\" aria-label=\"Telegram social link\">\n\t\t\t\t\t\t<span class=\"wd-icon\"><\/span>\n\t\t\t\t\t\t\t\t\t\t\t<\/a>\n\t\t\t\t\n\t\t\t\t\n\t\t\t<\/div>\n\n\t\t\t\t\t\t\t\t\t<\/div>\n\t\t\t\t\t\t<\/div>\n\t\t\t\t\t<\/div>\n\t\t\t\t\t\t\t\n\t\t\t\t\t\t\t\t\t\t\t\t<div class=\"entry-content wd-post-desc\">\n\t\t\t\t\t\t\u00bfTe has cansado alguna vez de enviar curr\u00edculums sin recibir respuesta alguna? \u00bfCrees que tus habilidades no est\u00e1n siendo valoradas en el mercado laboral?\u00a0\r\n\r\nSi te has hecho estas preguntas, est\u00e1s...\t\t\t\t\t<\/div>\n\t\t\t\t\n\t\t\t\t\t\t\t\t\t\t\t\t\t\t<p class=\"read-more-section\">\n\t\t\t\t\t\t<a class=\"btn-read-more more-link\" href=\"https:\/\/myforbia.cl\/2025\/07\/25\/vanessa-orellana-el-mercado-oculto-no-se-encuentra-se-construye\/\">Continue reading<\/a>\t\t\t\t\t<\/p>\n\t\t\t\t\t\t\t\t\t\t\t\t\t<\/div>\n\t<\/div>\n<\/article>\n\n\t\t\t\t\t\n\t\t\t\t\t","status":"have-posts","nextPage":"https:\/\/myforbia.cl\/category\/entrevistas-y-columnas\/entrevistas\/page\/3\/?woo_ajax=1","currentPage":"https:\/\/myforbia.cl\/category\/entrevistas-y-columnas\/entrevistas\/page\/2"}