
			
				

					
				

			
		{"items":"\n\t\t\t\t\t\t\t\t\t\t\t\n<article id=\"post-17844\" class=\"wd-post blog-design-masonry blog-post-loop blog-style-bg wd-add-shadow wd-col post-17844 post type-post status-publish format-standard has-post-thumbnail hentry category-entrevistas category-mujeres-empresarias\">\n\t<div class=\"article-inner\">\n\t\t<header class=\"entry-header\">\n\t\t\t\t\t\t\t<figure class=\"entry-thumbnail\">\n\t\t\t\t\t\t\t\t\t\t\t<div class=\"post-img-wrapp\">\n\t\t\t\t\t\t\t<a href=\"https:\/\/myforbia.cl\/2025\/09\/08\/daniela-albarran-cuando-las-personas-se-sienten-vistas-y-valoradas-los-resultados-vienen-de-la-mano\/\">\n\t\t\t\t\t\t\t\t<img width=\"1920\" height=\"2560\" src=\"https:\/\/myforbia.cl\/wp-content\/uploads\/2025\/09\/Foto-Daniela-Albarran.jpg\" class=\"attachment-large size-large\" alt=\"\" decoding=\"async\" srcset=\"https:\/\/myforbia.cl\/wp-content\/uploads\/2025\/09\/Foto-Daniela-Albarran.jpg 1920w, https:\/\/myforbia.cl\/wp-content\/uploads\/2025\/09\/Foto-Daniela-Albarran-768x1024.jpg 768w, https:\/\/myforbia.cl\/wp-content\/uploads\/2025\/09\/Foto-Daniela-Albarran-1152x1536.jpg 1152w, https:\/\/myforbia.cl\/wp-content\/uploads\/2025\/09\/Foto-Daniela-Albarran-1536x2048.jpg 1536w, https:\/\/myforbia.cl\/wp-content\/uploads\/2025\/09\/Foto-Daniela-Albarran-430x573.jpg 430w, https:\/\/myforbia.cl\/wp-content\/uploads\/2025\/09\/Foto-Daniela-Albarran-700x933.jpg 700w, https:\/\/myforbia.cl\/wp-content\/uploads\/2025\/09\/Foto-Daniela-Albarran-150x200.jpg 150w\" sizes=\"(max-width: 1920px) 100vw, 1920px\" \/>\t\t\t\t\t\t\t<\/a>\n\t\t\t\t\t\t<\/div>\n\t\t\t\t\t\t<div class=\"post-image-mask\">\n\t\t\t\t\t\t\t<span><\/span>\n\t\t\t\t\t\t<\/div>\n\t\t\t\t\t\t\t\t\t<\/figure>\n\t\t\t\n\t\t\t\t\t\t<div class=\"wd-post-date wd-style-with-bg\">\n\t\t\t\t<span class=\"post-date-day\">\n\t\t\t\t\t08\t\t\t\t<\/span>\n\t\t\t\t<span class=\"post-date-month\">\n\t\t\t\t\tSep\t\t\t\t<\/span>\n\t\t\t<\/div>\n\t\t\t\t<\/header>\n\n\t\t<div class=\"article-body-container\">\n\t\t\t\t\t\t\t<div class=\"meta-categories-wrapp\">\n\t\t\t\t\t<div class=\"meta-post-categories wd-post-cat wd-style-with-bg\">\n\t\t\t\t\t\t<a href=\"https:\/\/myforbia.cl\/category\/entrevistas-y-columnas\/entrevistas\/\" rel=\"category tag\">Entrevistas<\/a>, <a href=\"https:\/\/myforbia.cl\/category\/empresas\/mujeres-empresarias\/\" rel=\"category tag\">Mujeres empresarias<\/a>\t\t\t\t\t<\/div>\n\t\t\t\t<\/div>\n\t\t\t\n\t\t\t\t\t\t\t<h3 class=\"wd-entities-title title post-title\">\n\t\t\t\t\t<a href=\"https:\/\/myforbia.cl\/2025\/09\/08\/daniela-albarran-cuando-las-personas-se-sienten-vistas-y-valoradas-los-resultados-vienen-de-la-mano\/\" rel=\"bookmark\">Daniela Albarr\u00e1n: \u201cCuando las personas se sienten vistas y valoradas, los resultados vienen de la mano\u201d.<\/a>\n\t\t\t\t<\/h3>\n\t\t\t\n\t\t\t\t\t\t\t<div class=\"entry-meta wd-entry-meta\">\n\t\t\t\t\t\t\t\t<ul class=\"entry-meta-list\">\n\t\t\t\t\t\t\t\t\t<li class=\"modified-date\">\n\t\t\t\t\t\t\t\t<time class=\"updated\" datetime=\"2025-09-08T20:19:49+00:00\">\n\t\t\tSeptiembre 8, 2025\t\t<\/time>\n\t\t\t\t\t\t\t<\/li>\n\n\t\t\t\t\t\n\t\t\t\t\t\t\t\t\t\t\t<li class=\"meta-author\">\n\t\t\t\t\t\t\t\t\t\t\t\t<span>By<\/span>\n\t\t\n\t\t\t\t\t<img src=\"https:\/\/myforbia.cl\/wp-content\/uploads\/2025\/07\/FORBIA-Logo-Fondos-04-2-copia-1.png\" width=\"32\" height=\"32\" srcset=\"https:\/\/myforbia.cl\/wp-content\/uploads\/2025\/07\/FORBIA-Logo-Fondos-04-2-copia-1.png 2x\" alt=\"Myforbia\" class=\"avatar avatar-32 wp-user-avatar wp-user-avatar-32 alignnone photo\" \/>\t\t\n\t\t<a href=\"https:\/\/myforbia.cl\" class=\"author\" rel=\"author\">Myforbia<\/a>\n\t\t\t\t\t\t\t\t<\/li>\n\t\t\t\t\t\n\t\t\t\t\t\n\t\t\t\t\t\t\t\t\t\t\t<li class=\"meta-reply\">\n\t\t\t\t\t\t\t<a href=\"https:\/\/myforbia.cl\/2025\/09\/08\/daniela-albarran-cuando-las-personas-se-sienten-vistas-y-valoradas-los-resultados-vienen-de-la-mano\/#respond\"><span class=\"replies-count\">0<\/span> <span class=\"replies-count-label\">comments<\/span><\/a>\t\t\t\t\t\t<\/li>\n\t\t\t\t\t\t\t\t\t\t\t\t<\/ul>\n\t\t\t\t\t\t<\/div>\n\t\t\t\t\t\t\t\t\t<div class=\"hovered-social-icons wd-tltp\">\n\t\t\t\t\t\t<div class=\"tooltip top\">\n\t\t\t\t\t\t\t<div class=\"tooltip-arrow\"><\/div>\n\t\t\t\t\t\t\t<div class=\"tooltip-inner\">\n\t\t\t\t\t\t\t\t\t\t\t<link rel=\"stylesheet\" id=\"wd-social-icons-css\" href=\"https:\/\/myforbia.cl\/wp-content\/themes\/woodmart\/css\/parts\/el-social-icons.min.css?ver=8.0.0\" type=\"text\/css\" media=\"all\" \/> \t\t\t\t\t\t<div id=\"\" class=\" wd-social-icons wd-style-default wd-size-small social-share wd-shape-circle color-scheme-light text-center\">\n\t\t\t\t\n\t\t\t\t\n\t\t\t\t\t\t\t\t\t<a rel=\"noopener noreferrer nofollow\" href=\"https:\/\/www.facebook.com\/sharer\/sharer.php?u=https:\/\/myforbia.cl\/category\/empresas\/\" target=\"_blank\" class=\" wd-social-icon social-facebook\" aria-label=\"Facebook social link\">\n\t\t\t\t\t\t<span class=\"wd-icon\"><\/span>\n\t\t\t\t\t\t\t\t\t\t\t<\/a>\n\t\t\t\t\n\t\t\t\t\t\t\t\t\t<a rel=\"noopener noreferrer nofollow\" href=\"https:\/\/x.com\/share?url=https:\/\/myforbia.cl\/category\/empresas\/\" target=\"_blank\" class=\" wd-social-icon social-twitter\" aria-label=\"X social link\">\n\t\t\t\t\t\t<span class=\"wd-icon\"><\/span>\n\t\t\t\t\t\t\t\t\t\t\t<\/a>\n\t\t\t\t\n\t\t\t\t\n\t\t\t\t\n\t\t\t\t\n\t\t\t\t\t\t\t\t\t<a rel=\"noopener noreferrer nofollow\" href=\"https:\/\/pinterest.com\/pin\/create\/button\/?url=https:\/\/myforbia.cl\/category\/empresas\/&media=https:\/\/myforbia.cl\/wp-content\/uploads\/2025\/09\/Foto-Daniela-Albarran.jpg&description=Daniela+Albarr%C3%A1n%3A+%E2%80%9CCuando+las+personas+se+sienten+vistas+y+valoradas%2C+los+resultados+vienen+de+la+mano%E2%80%9D.\" target=\"_blank\" class=\" wd-social-icon social-pinterest\" aria-label=\"Pinterest social link\">\n\t\t\t\t\t\t<span class=\"wd-icon\"><\/span>\n\t\t\t\t\t\t\t\t\t\t\t<\/a>\n\t\t\t\t\n\t\t\t\t\n\t\t\t\t\t\t\t\t\t<a rel=\"noopener noreferrer nofollow\" href=\"https:\/\/www.linkedin.com\/shareArticle?mini=true&url=https:\/\/myforbia.cl\/category\/empresas\/\" target=\"_blank\" class=\" wd-social-icon social-linkedin\" aria-label=\"Linkedin social link\">\n\t\t\t\t\t\t<span class=\"wd-icon\"><\/span>\n\t\t\t\t\t\t\t\t\t\t\t<\/a>\n\t\t\t\t\n\t\t\t\t\n\t\t\t\t\n\t\t\t\t\n\t\t\t\t\n\t\t\t\t\n\t\t\t\t\n\t\t\t\t\n\t\t\t\t\n\t\t\t\t\n\t\t\t\t\n\t\t\t\t\n\t\t\t\t\n\t\t\t\t\n\t\t\t\t\n\t\t\t\t\n\t\t\t\t\t\t\t\t\t<a rel=\"noopener noreferrer nofollow\" href=\"https:\/\/telegram.me\/share\/url?url=https:\/\/myforbia.cl\/category\/empresas\/\" target=\"_blank\" class=\" wd-social-icon social-tg\" aria-label=\"Telegram social link\">\n\t\t\t\t\t\t<span class=\"wd-icon\"><\/span>\n\t\t\t\t\t\t\t\t\t\t\t<\/a>\n\t\t\t\t\n\t\t\t\t\n\t\t\t<\/div>\n\n\t\t\t\t\t\t\t\t\t<\/div>\n\t\t\t\t\t\t<\/div>\n\t\t\t\t\t<\/div>\n\t\t\t\t\t\t\t\n\t\t\t\t\t\t\t\t\t\t\t\t<div class=\"entry-content wd-post-desc\">\n\t\t\t\t\t\tEn m\u00e1s de alguna ocasi\u00f3n habr\u00e1s visto en las g\u00f3ndolas del supermercado la marca PURI, quiz\u00e1s tuviste los snacks en tus manos cuando buscabas alg\u00fan baj\u00f3n con el cu\u00e1l no...\t\t\t\t\t<\/div>\n\t\t\t\t\n\t\t\t\t\t\t\t\t\t\t\t\t\t\t<p class=\"read-more-section\">\n\t\t\t\t\t\t<a class=\"btn-read-more more-link\" href=\"https:\/\/myforbia.cl\/2025\/09\/08\/daniela-albarran-cuando-las-personas-se-sienten-vistas-y-valoradas-los-resultados-vienen-de-la-mano\/\">Continue reading<\/a>\t\t\t\t\t<\/p>\n\t\t\t\t\t\t\t\t\t\t\t\t\t<\/div>\n\t<\/div>\n<\/article>\n\n\t\t\t\t\t\t\t\t\t\t\t\n<article id=\"post-17711\" class=\"wd-post blog-design-masonry blog-post-loop blog-style-bg wd-add-shadow wd-col post-17711 post type-post status-publish format-standard has-post-thumbnail hentry category-entrevistas category-mujeres-empresarias\">\n\t<div class=\"article-inner\">\n\t\t<header class=\"entry-header\">\n\t\t\t\t\t\t\t<figure class=\"entry-thumbnail\">\n\t\t\t\t\t\t\t\t\t\t\t<div class=\"post-img-wrapp\">\n\t\t\t\t\t\t\t<a href=\"https:\/\/myforbia.cl\/2025\/07\/25\/vanessa-orellana-el-mercado-oculto-no-se-encuentra-se-construye\/\">\n\t\t\t\t\t\t\t\t<img width=\"1680\" height=\"2520\" src=\"https:\/\/myforbia.cl\/wp-content\/uploads\/2025\/07\/Glamb1_025.jpg\" class=\"attachment-large size-large\" alt=\"\" decoding=\"async\" srcset=\"https:\/\/myforbia.cl\/wp-content\/uploads\/2025\/07\/Glamb1_025.jpg 1680w, https:\/\/myforbia.cl\/wp-content\/uploads\/2025\/07\/Glamb1_025-768x1152.jpg 768w, https:\/\/myforbia.cl\/wp-content\/uploads\/2025\/07\/Glamb1_025-1024x1536.jpg 1024w, https:\/\/myforbia.cl\/wp-content\/uploads\/2025\/07\/Glamb1_025-1365x2048.jpg 1365w, https:\/\/myforbia.cl\/wp-content\/uploads\/2025\/07\/Glamb1_025-430x645.jpg 430w, https:\/\/myforbia.cl\/wp-content\/uploads\/2025\/07\/Glamb1_025-700x1050.jpg 700w, https:\/\/myforbia.cl\/wp-content\/uploads\/2025\/07\/Glamb1_025-150x225.jpg 150w\" sizes=\"(max-width: 1680px) 100vw, 1680px\" \/>\t\t\t\t\t\t\t<\/a>\n\t\t\t\t\t\t<\/div>\n\t\t\t\t\t\t<div class=\"post-image-mask\">\n\t\t\t\t\t\t\t<span><\/span>\n\t\t\t\t\t\t<\/div>\n\t\t\t\t\t\t\t\t\t<\/figure>\n\t\t\t\n\t\t\t\t\t\t<div class=\"wd-post-date wd-style-with-bg\">\n\t\t\t\t<span class=\"post-date-day\">\n\t\t\t\t\t25\t\t\t\t<\/span>\n\t\t\t\t<span class=\"post-date-month\">\n\t\t\t\t\tJul\t\t\t\t<\/span>\n\t\t\t<\/div>\n\t\t\t\t<\/header>\n\n\t\t<div class=\"article-body-container\">\n\t\t\t\t\t\t\t<div class=\"meta-categories-wrapp\">\n\t\t\t\t\t<div class=\"meta-post-categories wd-post-cat wd-style-with-bg\">\n\t\t\t\t\t\t<a href=\"https:\/\/myforbia.cl\/category\/entrevistas-y-columnas\/entrevistas\/\" rel=\"category tag\">Entrevistas<\/a>, <a href=\"https:\/\/myforbia.cl\/category\/empresas\/mujeres-empresarias\/\" rel=\"category tag\">Mujeres empresarias<\/a>\t\t\t\t\t<\/div>\n\t\t\t\t<\/div>\n\t\t\t\n\t\t\t\t\t\t\t<h3 class=\"wd-entities-title title post-title\">\n\t\t\t\t\t<a href=\"https:\/\/myforbia.cl\/2025\/07\/25\/vanessa-orellana-el-mercado-oculto-no-se-encuentra-se-construye\/\" rel=\"bookmark\">Vanessa Orellana: \u201cEl mercado oculto no se encuentra. Se construye\u201d.<\/a>\n\t\t\t\t<\/h3>\n\t\t\t\n\t\t\t\t\t\t\t<div class=\"entry-meta wd-entry-meta\">\n\t\t\t\t\t\t\t\t<ul class=\"entry-meta-list\">\n\t\t\t\t\t\t\t\t\t<li class=\"modified-date\">\n\t\t\t\t\t\t\t\t<time class=\"updated\" datetime=\"2025-07-30T13:01:10+00:00\">\n\t\t\tJulio 30, 2025\t\t<\/time>\n\t\t\t\t\t\t\t<\/li>\n\n\t\t\t\t\t\n\t\t\t\t\t\t\t\t\t\t\t<li class=\"meta-author\">\n\t\t\t\t\t\t\t\t\t\t\t\t<span>By<\/span>\n\t\t\n\t\t\t\t\t<img src=\"https:\/\/myforbia.cl\/wp-content\/uploads\/2025\/07\/FORBIA-Logo-Fondos-04-2-copia-1.png\" width=\"32\" height=\"32\" srcset=\"https:\/\/myforbia.cl\/wp-content\/uploads\/2025\/07\/FORBIA-Logo-Fondos-04-2-copia-1.png 2x\" alt=\"Myforbia\" class=\"avatar avatar-32 wp-user-avatar wp-user-avatar-32 alignnone photo\" \/>\t\t\n\t\t<a href=\"https:\/\/myforbia.cl\" class=\"author\" rel=\"author\">Myforbia<\/a>\n\t\t\t\t\t\t\t\t<\/li>\n\t\t\t\t\t\n\t\t\t\t\t\n\t\t\t\t\t\t\t\t\t\t\t<li class=\"meta-reply\">\n\t\t\t\t\t\t\t<a href=\"https:\/\/myforbia.cl\/2025\/07\/25\/vanessa-orellana-el-mercado-oculto-no-se-encuentra-se-construye\/#respond\"><span class=\"replies-count\">0<\/span> <span class=\"replies-count-label\">comments<\/span><\/a>\t\t\t\t\t\t<\/li>\n\t\t\t\t\t\t\t\t\t\t\t\t<\/ul>\n\t\t\t\t\t\t<\/div>\n\t\t\t\t\t\t\t\t\t<div class=\"hovered-social-icons wd-tltp\">\n\t\t\t\t\t\t<div class=\"tooltip top\">\n\t\t\t\t\t\t\t<div class=\"tooltip-arrow\"><\/div>\n\t\t\t\t\t\t\t<div class=\"tooltip-inner\">\n\t\t\t\t\t\t\t\t\t\t\t<div id=\"\" class=\" wd-social-icons wd-style-default wd-size-small social-share wd-shape-circle color-scheme-light text-center\">\n\t\t\t\t\n\t\t\t\t\n\t\t\t\t\t\t\t\t\t<a rel=\"noopener noreferrer nofollow\" href=\"https:\/\/www.facebook.com\/sharer\/sharer.php?u=https:\/\/myforbia.cl\/category\/empresas\/\" target=\"_blank\" class=\" wd-social-icon social-facebook\" aria-label=\"Facebook social link\">\n\t\t\t\t\t\t<span class=\"wd-icon\"><\/span>\n\t\t\t\t\t\t\t\t\t\t\t<\/a>\n\t\t\t\t\n\t\t\t\t\t\t\t\t\t<a rel=\"noopener noreferrer nofollow\" href=\"https:\/\/x.com\/share?url=https:\/\/myforbia.cl\/category\/empresas\/\" target=\"_blank\" class=\" wd-social-icon social-twitter\" aria-label=\"X social link\">\n\t\t\t\t\t\t<span class=\"wd-icon\"><\/span>\n\t\t\t\t\t\t\t\t\t\t\t<\/a>\n\t\t\t\t\n\t\t\t\t\n\t\t\t\t\n\t\t\t\t\n\t\t\t\t\t\t\t\t\t<a rel=\"noopener noreferrer nofollow\" href=\"https:\/\/pinterest.com\/pin\/create\/button\/?url=https:\/\/myforbia.cl\/category\/empresas\/&media=https:\/\/myforbia.cl\/wp-content\/uploads\/2025\/07\/Glamb1_025.jpg&description=Vanessa+Orellana%3A+%E2%80%9CEl+mercado+oculto+no+se+encuentra.+Se+construye%E2%80%9D.\" target=\"_blank\" class=\" wd-social-icon social-pinterest\" aria-label=\"Pinterest social link\">\n\t\t\t\t\t\t<span class=\"wd-icon\"><\/span>\n\t\t\t\t\t\t\t\t\t\t\t<\/a>\n\t\t\t\t\n\t\t\t\t\n\t\t\t\t\t\t\t\t\t<a rel=\"noopener noreferrer nofollow\" href=\"https:\/\/www.linkedin.com\/shareArticle?mini=true&url=https:\/\/myforbia.cl\/category\/empresas\/\" target=\"_blank\" class=\" wd-social-icon social-linkedin\" aria-label=\"Linkedin social link\">\n\t\t\t\t\t\t<span class=\"wd-icon\"><\/span>\n\t\t\t\t\t\t\t\t\t\t\t<\/a>\n\t\t\t\t\n\t\t\t\t\n\t\t\t\t\n\t\t\t\t\n\t\t\t\t\n\t\t\t\t\n\t\t\t\t\n\t\t\t\t\n\t\t\t\t\n\t\t\t\t\n\t\t\t\t\n\t\t\t\t\n\t\t\t\t\n\t\t\t\t\n\t\t\t\t\n\t\t\t\t\n\t\t\t\t\t\t\t\t\t<a rel=\"noopener noreferrer nofollow\" href=\"https:\/\/telegram.me\/share\/url?url=https:\/\/myforbia.cl\/category\/empresas\/\" target=\"_blank\" class=\" wd-social-icon social-tg\" aria-label=\"Telegram social link\">\n\t\t\t\t\t\t<span class=\"wd-icon\"><\/span>\n\t\t\t\t\t\t\t\t\t\t\t<\/a>\n\t\t\t\t\n\t\t\t\t\n\t\t\t<\/div>\n\n\t\t\t\t\t\t\t\t\t<\/div>\n\t\t\t\t\t\t<\/div>\n\t\t\t\t\t<\/div>\n\t\t\t\t\t\t\t\n\t\t\t\t\t\t\t\t\t\t\t\t<div class=\"entry-content wd-post-desc\">\n\t\t\t\t\t\t\u00bfTe has cansado alguna vez de enviar curr\u00edculums sin recibir respuesta alguna? \u00bfCrees que tus habilidades no est\u00e1n siendo valoradas en el mercado laboral?\u00a0\r\n\r\nSi te has hecho estas preguntas, est\u00e1s...\t\t\t\t\t<\/div>\n\t\t\t\t\n\t\t\t\t\t\t\t\t\t\t\t\t\t\t<p class=\"read-more-section\">\n\t\t\t\t\t\t<a class=\"btn-read-more more-link\" href=\"https:\/\/myforbia.cl\/2025\/07\/25\/vanessa-orellana-el-mercado-oculto-no-se-encuentra-se-construye\/\">Continue reading<\/a>\t\t\t\t\t<\/p>\n\t\t\t\t\t\t\t\t\t\t\t\t\t<\/div>\n\t<\/div>\n<\/article>\n\n\t\t\t\t\t\t\t\t\t\t\t\n<article id=\"post-17585\" class=\"wd-post blog-design-masonry blog-post-loop blog-style-bg wd-add-shadow wd-col post-17585 post type-post status-publish format-standard has-post-thumbnail hentry category-lanzamientos\">\n\t<div class=\"article-inner\">\n\t\t<header class=\"entry-header\">\n\t\t\t\t\t\t\t<figure class=\"entry-thumbnail\">\n\t\t\t\t\t\t\t\t\t\t\t<div class=\"post-img-wrapp\">\n\t\t\t\t\t\t\t<a href=\"https:\/\/myforbia.cl\/2025\/06\/16\/converse-e-isabel-marant-se-reunen-para-traer-versiones-bohemias-de-las-chuck\/\">\n\t\t\t\t\t\t\t\t<img width=\"1080\" height=\"1350\" src=\"https:\/\/myforbia.cl\/wp-content\/uploads\/2025\/06\/SU25_CONVERSE-x-ISABEL-MARANT_4x5_Frame3.jpg\" class=\"attachment-large size-large\" alt=\"\" decoding=\"async\" srcset=\"https:\/\/myforbia.cl\/wp-content\/uploads\/2025\/06\/SU25_CONVERSE-x-ISABEL-MARANT_4x5_Frame3.jpg 1080w, https:\/\/myforbia.cl\/wp-content\/uploads\/2025\/06\/SU25_CONVERSE-x-ISABEL-MARANT_4x5_Frame3-768x960.jpg 768w, https:\/\/myforbia.cl\/wp-content\/uploads\/2025\/06\/SU25_CONVERSE-x-ISABEL-MARANT_4x5_Frame3-430x538.jpg 430w, https:\/\/myforbia.cl\/wp-content\/uploads\/2025\/06\/SU25_CONVERSE-x-ISABEL-MARANT_4x5_Frame3-700x875.jpg 700w, https:\/\/myforbia.cl\/wp-content\/uploads\/2025\/06\/SU25_CONVERSE-x-ISABEL-MARANT_4x5_Frame3-150x188.jpg 150w\" sizes=\"(max-width: 1080px) 100vw, 1080px\" \/>\t\t\t\t\t\t\t<\/a>\n\t\t\t\t\t\t<\/div>\n\t\t\t\t\t\t<div class=\"post-image-mask\">\n\t\t\t\t\t\t\t<span><\/span>\n\t\t\t\t\t\t<\/div>\n\t\t\t\t\t\t\t\t\t<\/figure>\n\t\t\t\n\t\t\t\t\t\t<div class=\"wd-post-date wd-style-with-bg\">\n\t\t\t\t<span class=\"post-date-day\">\n\t\t\t\t\t16\t\t\t\t<\/span>\n\t\t\t\t<span class=\"post-date-month\">\n\t\t\t\t\tJun\t\t\t\t<\/span>\n\t\t\t<\/div>\n\t\t\t\t<\/header>\n\n\t\t<div class=\"article-body-container\">\n\t\t\t\t\t\t\t<div class=\"meta-categories-wrapp\">\n\t\t\t\t\t<div class=\"meta-post-categories wd-post-cat wd-style-with-bg\">\n\t\t\t\t\t\t<a href=\"https:\/\/myforbia.cl\/category\/empresas\/lanzamientos\/\" rel=\"category tag\">Lanzamientos<\/a>\t\t\t\t\t<\/div>\n\t\t\t\t<\/div>\n\t\t\t\n\t\t\t\t\t\t\t<h3 class=\"wd-entities-title title post-title\">\n\t\t\t\t\t<a href=\"https:\/\/myforbia.cl\/2025\/06\/16\/converse-e-isabel-marant-se-reunen-para-traer-versiones-bohemias-de-las-chuck\/\" rel=\"bookmark\">CONVERSE E ISABEL MARANT SE RE\u00daNEN PARA TRAER VERSIONES BOHEMIAS DE LAS CHUCK<\/a>\n\t\t\t\t<\/h3>\n\t\t\t\n\t\t\t\t\t\t\t<div class=\"entry-meta wd-entry-meta\">\n\t\t\t\t\t\t\t\t<ul class=\"entry-meta-list\">\n\t\t\t\t\t\t\t\t\t<li class=\"modified-date\">\n\t\t\t\t\t\t\t\t<time class=\"updated\" datetime=\"2025-06-18T16:04:24+00:00\">\n\t\t\tJunio 18, 2025\t\t<\/time>\n\t\t\t\t\t\t\t<\/li>\n\n\t\t\t\t\t\n\t\t\t\t\t\t\t\t\t\t\t<li class=\"meta-author\">\n\t\t\t\t\t\t\t\t\t\t\t\t<span>By<\/span>\n\t\t\n\t\t\t\t\t<img src=\"https:\/\/myforbia.cl\/wp-content\/uploads\/2025\/07\/FORBIA-Logo-Fondos-04-2-copia-1.png\" width=\"32\" height=\"32\" srcset=\"https:\/\/myforbia.cl\/wp-content\/uploads\/2025\/07\/FORBIA-Logo-Fondos-04-2-copia-1.png 2x\" alt=\"Myforbia\" class=\"avatar avatar-32 wp-user-avatar wp-user-avatar-32 alignnone photo\" \/>\t\t\n\t\t<a href=\"https:\/\/myforbia.cl\" class=\"author\" rel=\"author\">Myforbia<\/a>\n\t\t\t\t\t\t\t\t<\/li>\n\t\t\t\t\t\n\t\t\t\t\t\n\t\t\t\t\t\t\t\t\t\t\t<li class=\"meta-reply\">\n\t\t\t\t\t\t\t<a href=\"https:\/\/myforbia.cl\/2025\/06\/16\/converse-e-isabel-marant-se-reunen-para-traer-versiones-bohemias-de-las-chuck\/#respond\"><span class=\"replies-count\">0<\/span> <span class=\"replies-count-label\">comments<\/span><\/a>\t\t\t\t\t\t<\/li>\n\t\t\t\t\t\t\t\t\t\t\t\t<\/ul>\n\t\t\t\t\t\t<\/div>\n\t\t\t\t\t\t\t\t\t<div class=\"hovered-social-icons wd-tltp\">\n\t\t\t\t\t\t<div class=\"tooltip top\">\n\t\t\t\t\t\t\t<div class=\"tooltip-arrow\"><\/div>\n\t\t\t\t\t\t\t<div class=\"tooltip-inner\">\n\t\t\t\t\t\t\t\t\t\t\t<div id=\"\" class=\" wd-social-icons wd-style-default wd-size-small social-share wd-shape-circle color-scheme-light text-center\">\n\t\t\t\t\n\t\t\t\t\n\t\t\t\t\t\t\t\t\t<a rel=\"noopener noreferrer nofollow\" href=\"https:\/\/www.facebook.com\/sharer\/sharer.php?u=https:\/\/myforbia.cl\/category\/empresas\/\" target=\"_blank\" class=\" wd-social-icon social-facebook\" aria-label=\"Facebook social link\">\n\t\t\t\t\t\t<span class=\"wd-icon\"><\/span>\n\t\t\t\t\t\t\t\t\t\t\t<\/a>\n\t\t\t\t\n\t\t\t\t\t\t\t\t\t<a rel=\"noopener noreferrer nofollow\" href=\"https:\/\/x.com\/share?url=https:\/\/myforbia.cl\/category\/empresas\/\" target=\"_blank\" class=\" wd-social-icon social-twitter\" aria-label=\"X social link\">\n\t\t\t\t\t\t<span class=\"wd-icon\"><\/span>\n\t\t\t\t\t\t\t\t\t\t\t<\/a>\n\t\t\t\t\n\t\t\t\t\n\t\t\t\t\n\t\t\t\t\n\t\t\t\t\t\t\t\t\t<a rel=\"noopener noreferrer nofollow\" href=\"https:\/\/pinterest.com\/pin\/create\/button\/?url=https:\/\/myforbia.cl\/category\/empresas\/&media=https:\/\/myforbia.cl\/wp-content\/uploads\/2025\/06\/SU25_CONVERSE-x-ISABEL-MARANT_4x5_Frame3.jpg&description=CONVERSE+E+ISABEL+MARANT+SE+RE%C3%9ANEN+PARA+TRAER+VERSIONES+BOHEMIAS+DE+LAS+CHUCK\" target=\"_blank\" class=\" wd-social-icon social-pinterest\" aria-label=\"Pinterest social link\">\n\t\t\t\t\t\t<span class=\"wd-icon\"><\/span>\n\t\t\t\t\t\t\t\t\t\t\t<\/a>\n\t\t\t\t\n\t\t\t\t\n\t\t\t\t\t\t\t\t\t<a rel=\"noopener noreferrer nofollow\" href=\"https:\/\/www.linkedin.com\/shareArticle?mini=true&url=https:\/\/myforbia.cl\/category\/empresas\/\" target=\"_blank\" class=\" wd-social-icon social-linkedin\" aria-label=\"Linkedin social link\">\n\t\t\t\t\t\t<span class=\"wd-icon\"><\/span>\n\t\t\t\t\t\t\t\t\t\t\t<\/a>\n\t\t\t\t\n\t\t\t\t\n\t\t\t\t\n\t\t\t\t\n\t\t\t\t\n\t\t\t\t\n\t\t\t\t\n\t\t\t\t\n\t\t\t\t\n\t\t\t\t\n\t\t\t\t\n\t\t\t\t\n\t\t\t\t\n\t\t\t\t\n\t\t\t\t\n\t\t\t\t\n\t\t\t\t\t\t\t\t\t<a rel=\"noopener noreferrer nofollow\" href=\"https:\/\/telegram.me\/share\/url?url=https:\/\/myforbia.cl\/category\/empresas\/\" target=\"_blank\" class=\" wd-social-icon social-tg\" aria-label=\"Telegram social link\">\n\t\t\t\t\t\t<span class=\"wd-icon\"><\/span>\n\t\t\t\t\t\t\t\t\t\t\t<\/a>\n\t\t\t\t\n\t\t\t\t\n\t\t\t<\/div>\n\n\t\t\t\t\t\t\t\t\t<\/div>\n\t\t\t\t\t\t<\/div>\n\t\t\t\t\t<\/div>\n\t\t\t\t\t\t\t\n\t\t\t\t\t\t\t\t\t\t\t\t<div class=\"entry-content wd-post-desc\">\n\t\t\t\t\t\tUni\u00e9ndose por segunda vez, el d\u00fao rinde homenaje a las Chuck 70 y a las Sneaker Wedge.\r\n\r\nSantiago, 13 de junio 2025.- Despu\u00e9s de colaborar por primera vez en 2024, Converse...\t\t\t\t\t<\/div>\n\t\t\t\t\n\t\t\t\t\t\t\t\t\t\t\t\t\t\t<p class=\"read-more-section\">\n\t\t\t\t\t\t<a class=\"btn-read-more more-link\" href=\"https:\/\/myforbia.cl\/2025\/06\/16\/converse-e-isabel-marant-se-reunen-para-traer-versiones-bohemias-de-las-chuck\/\">Continue reading<\/a>\t\t\t\t\t<\/p>\n\t\t\t\t\t\t\t\t\t\t\t\t\t<\/div>\n\t<\/div>\n<\/article>\n\n\t\t\t\t\t\t\t\t\t\t\t\n<article id=\"post-17428\" class=\"wd-post blog-design-masonry blog-post-loop blog-style-bg wd-add-shadow wd-col post-17428 post type-post status-publish format-standard has-post-thumbnail hentry category-lanzamientos\">\n\t<div class=\"article-inner\">\n\t\t<header class=\"entry-header\">\n\t\t\t\t\t\t\t<figure class=\"entry-thumbnail\">\n\t\t\t\t\t\t\t\t\t\t\t<div class=\"post-img-wrapp\">\n\t\t\t\t\t\t\t<a href=\"https:\/\/myforbia.cl\/2025\/04\/21\/lounge-celebra-20-anos-con-el-lanzamiento-de-su-primera-coleccion-de-moda-invierno-nu-boheme\/\">\n\t\t\t\t\t\t\t\t<img width=\"1066\" height=\"1600\" src=\"https:\/\/myforbia.cl\/wp-content\/uploads\/2025\/04\/Desfile-1.jpeg\" class=\"attachment-large size-large\" alt=\"\" decoding=\"async\" srcset=\"https:\/\/myforbia.cl\/wp-content\/uploads\/2025\/04\/Desfile-1.jpeg 1066w, https:\/\/myforbia.cl\/wp-content\/uploads\/2025\/04\/Desfile-1-768x1153.jpeg 768w, https:\/\/myforbia.cl\/wp-content\/uploads\/2025\/04\/Desfile-1-1023x1536.jpeg 1023w, https:\/\/myforbia.cl\/wp-content\/uploads\/2025\/04\/Desfile-1-430x645.jpeg 430w, https:\/\/myforbia.cl\/wp-content\/uploads\/2025\/04\/Desfile-1-700x1051.jpeg 700w, https:\/\/myforbia.cl\/wp-content\/uploads\/2025\/04\/Desfile-1-150x225.jpeg 150w\" sizes=\"(max-width: 1066px) 100vw, 1066px\" \/>\t\t\t\t\t\t\t<\/a>\n\t\t\t\t\t\t<\/div>\n\t\t\t\t\t\t<div class=\"post-image-mask\">\n\t\t\t\t\t\t\t<span><\/span>\n\t\t\t\t\t\t<\/div>\n\t\t\t\t\t\t\t\t\t<\/figure>\n\t\t\t\n\t\t\t\t\t\t<div class=\"wd-post-date wd-style-with-bg\">\n\t\t\t\t<span class=\"post-date-day\">\n\t\t\t\t\t21\t\t\t\t<\/span>\n\t\t\t\t<span class=\"post-date-month\">\n\t\t\t\t\tAbr\t\t\t\t<\/span>\n\t\t\t<\/div>\n\t\t\t\t<\/header>\n\n\t\t<div class=\"article-body-container\">\n\t\t\t\t\t\t\t<div class=\"meta-categories-wrapp\">\n\t\t\t\t\t<div class=\"meta-post-categories wd-post-cat wd-style-with-bg\">\n\t\t\t\t\t\t<a href=\"https:\/\/myforbia.cl\/category\/empresas\/lanzamientos\/\" rel=\"category tag\">Lanzamientos<\/a>\t\t\t\t\t<\/div>\n\t\t\t\t<\/div>\n\t\t\t\n\t\t\t\t\t\t\t<h3 class=\"wd-entities-title title post-title\">\n\t\t\t\t\t<a href=\"https:\/\/myforbia.cl\/2025\/04\/21\/lounge-celebra-20-anos-con-el-lanzamiento-de-su-primera-coleccion-de-moda-invierno-nu-boheme\/\" rel=\"bookmark\">LOUNGE CELEBRA 20 A\u00d1OS CON EL LANZAMIENTO DE SU PRIMERA COLECCI\u00d3N DE MODA INVIERNO: \u201cNU BOHEME\u201d<\/a>\n\t\t\t\t<\/h3>\n\t\t\t\n\t\t\t\t\t\t\t<div class=\"entry-meta wd-entry-meta\">\n\t\t\t\t\t\t\t\t<ul class=\"entry-meta-list\">\n\t\t\t\t\t\t\t\t\t<li class=\"modified-date\">\n\t\t\t\t\t\t\t\t<time class=\"updated\" datetime=\"2025-04-21T18:30:36+00:00\">\n\t\t\tAbril 21, 2025\t\t<\/time>\n\t\t\t\t\t\t\t<\/li>\n\n\t\t\t\t\t\n\t\t\t\t\t\t\t\t\t\t\t<li class=\"meta-author\">\n\t\t\t\t\t\t\t\t\t\t\t\t<span>By<\/span>\n\t\t\n\t\t\t\t\t<img src=\"https:\/\/myforbia.cl\/wp-content\/uploads\/2025\/07\/FORBIA-Logo-Fondos-04-2-copia-1.png\" width=\"32\" height=\"32\" srcset=\"https:\/\/myforbia.cl\/wp-content\/uploads\/2025\/07\/FORBIA-Logo-Fondos-04-2-copia-1.png 2x\" alt=\"Myforbia\" class=\"avatar avatar-32 wp-user-avatar wp-user-avatar-32 alignnone photo\" \/>\t\t\n\t\t<a href=\"https:\/\/myforbia.cl\" class=\"author\" rel=\"author\">Myforbia<\/a>\n\t\t\t\t\t\t\t\t<\/li>\n\t\t\t\t\t\n\t\t\t\t\t\n\t\t\t\t\t\t\t\t\t\t\t<li class=\"meta-reply\">\n\t\t\t\t\t\t\t<a href=\"https:\/\/myforbia.cl\/2025\/04\/21\/lounge-celebra-20-anos-con-el-lanzamiento-de-su-primera-coleccion-de-moda-invierno-nu-boheme\/#respond\"><span class=\"replies-count\">0<\/span> <span class=\"replies-count-label\">comments<\/span><\/a>\t\t\t\t\t\t<\/li>\n\t\t\t\t\t\t\t\t\t\t\t\t<\/ul>\n\t\t\t\t\t\t<\/div>\n\t\t\t\t\t\t\t\t\t<div class=\"hovered-social-icons wd-tltp\">\n\t\t\t\t\t\t<div class=\"tooltip top\">\n\t\t\t\t\t\t\t<div class=\"tooltip-arrow\"><\/div>\n\t\t\t\t\t\t\t<div class=\"tooltip-inner\">\n\t\t\t\t\t\t\t\t\t\t\t<div id=\"\" class=\" wd-social-icons wd-style-default wd-size-small social-share wd-shape-circle color-scheme-light text-center\">\n\t\t\t\t\n\t\t\t\t\n\t\t\t\t\t\t\t\t\t<a rel=\"noopener noreferrer nofollow\" href=\"https:\/\/www.facebook.com\/sharer\/sharer.php?u=https:\/\/myforbia.cl\/category\/empresas\/\" target=\"_blank\" class=\" wd-social-icon social-facebook\" aria-label=\"Facebook social link\">\n\t\t\t\t\t\t<span class=\"wd-icon\"><\/span>\n\t\t\t\t\t\t\t\t\t\t\t<\/a>\n\t\t\t\t\n\t\t\t\t\t\t\t\t\t<a rel=\"noopener noreferrer nofollow\" href=\"https:\/\/x.com\/share?url=https:\/\/myforbia.cl\/category\/empresas\/\" target=\"_blank\" class=\" wd-social-icon social-twitter\" aria-label=\"X social link\">\n\t\t\t\t\t\t<span class=\"wd-icon\"><\/span>\n\t\t\t\t\t\t\t\t\t\t\t<\/a>\n\t\t\t\t\n\t\t\t\t\n\t\t\t\t\n\t\t\t\t\n\t\t\t\t\t\t\t\t\t<a rel=\"noopener noreferrer nofollow\" href=\"https:\/\/pinterest.com\/pin\/create\/button\/?url=https:\/\/myforbia.cl\/category\/empresas\/&media=https:\/\/myforbia.cl\/wp-content\/uploads\/2025\/04\/Desfile-1.jpeg&description=LOUNGE+CELEBRA+20+A%C3%91OS+CON+EL+LANZAMIENTO+DE+SU+PRIMERA+COLECCI%C3%93N+DE+MODA+INVIERNO%3A+%E2%80%9CNU+BOHEME%E2%80%9D\" target=\"_blank\" class=\" wd-social-icon social-pinterest\" aria-label=\"Pinterest social link\">\n\t\t\t\t\t\t<span class=\"wd-icon\"><\/span>\n\t\t\t\t\t\t\t\t\t\t\t<\/a>\n\t\t\t\t\n\t\t\t\t\n\t\t\t\t\t\t\t\t\t<a rel=\"noopener noreferrer nofollow\" href=\"https:\/\/www.linkedin.com\/shareArticle?mini=true&url=https:\/\/myforbia.cl\/category\/empresas\/\" target=\"_blank\" class=\" wd-social-icon social-linkedin\" aria-label=\"Linkedin social link\">\n\t\t\t\t\t\t<span class=\"wd-icon\"><\/span>\n\t\t\t\t\t\t\t\t\t\t\t<\/a>\n\t\t\t\t\n\t\t\t\t\n\t\t\t\t\n\t\t\t\t\n\t\t\t\t\n\t\t\t\t\n\t\t\t\t\n\t\t\t\t\n\t\t\t\t\n\t\t\t\t\n\t\t\t\t\n\t\t\t\t\n\t\t\t\t\n\t\t\t\t\n\t\t\t\t\n\t\t\t\t\n\t\t\t\t\t\t\t\t\t<a rel=\"noopener noreferrer nofollow\" href=\"https:\/\/telegram.me\/share\/url?url=https:\/\/myforbia.cl\/category\/empresas\/\" target=\"_blank\" class=\" wd-social-icon social-tg\" aria-label=\"Telegram social link\">\n\t\t\t\t\t\t<span class=\"wd-icon\"><\/span>\n\t\t\t\t\t\t\t\t\t\t\t<\/a>\n\t\t\t\t\n\t\t\t\t\n\t\t\t<\/div>\n\n\t\t\t\t\t\t\t\t\t<\/div>\n\t\t\t\t\t\t<\/div>\n\t\t\t\t\t<\/div>\n\t\t\t\t\t\t\t\n\t\t\t\t\t\t\t\t\t\t\t\t<div class=\"entry-content wd-post-desc\">\n\t\t\t\t\t\tSantiago, Chile \u2013 abril de 2025.- Con motivo de su vig\u00e9simo aniversario, Lounge \u2014la marca chilena que ha acompa\u00f1ado a las mujeres en cada etapa de sus vidas\u2014 da un...\t\t\t\t\t<\/div>\n\t\t\t\t\n\t\t\t\t\t\t\t\t\t\t\t\t\t\t<p class=\"read-more-section\">\n\t\t\t\t\t\t<a class=\"btn-read-more more-link\" href=\"https:\/\/myforbia.cl\/2025\/04\/21\/lounge-celebra-20-anos-con-el-lanzamiento-de-su-primera-coleccion-de-moda-invierno-nu-boheme\/\">Continue reading<\/a>\t\t\t\t\t<\/p>\n\t\t\t\t\t\t\t\t\t\t\t\t\t<\/div>\n\t<\/div>\n<\/article>\n\n\t\t\t\t\t\n\t\t\t\t\t","status":"no-more-posts","nextPage":"?woo_ajax=1","currentPage":"https:\/\/myforbia.cl\/category\/empresas\/page\/2"}